{"id":6516,"date":"2016-10-21T18:21:25","date_gmt":"2016-10-21T18:21:25","guid":{"rendered":""},"modified":"2016-10-21T18:21:25","modified_gmt":"2016-10-21T18:21:25","slug":"el-oeste-de-japon-sacudido-por-fuerte-terremoto","status":"publish","type":"post","link":"https:\/\/sertv.gob.pa\/crisolfm\/el-oeste-de-japon-sacudido-por-fuerte-terremoto\/","title":{"rendered":"El oeste de Jap\u00f3n sacudido por fuerte terremoto"},"content":{"rendered":"<p>\nUn fuerte terremoto de magnitud 6.6 sacudi\u00f3 el oeste de Jap\u00f3n, indic\u00f3 el Servicio Geol\u00f3gico de Estados Unidos (USGS). <\/p>\n<p>No se ha se\u00f1alado por el momento ning\u00fan peligro de tsunami luego de este terremoto, que se registr\u00f3 a una profundidad de 10 kil\u00f3metros poco despu\u00e9s de las 14H00 locales (05H00GMT) en la prefectura de Tottori. <\/p>\n<p>Tampoco se ha registrado ning\u00fan herido o da\u00f1o material, pero las im\u00e1genes difundidas por las televisiones mostraban edificios que se mov\u00edan. <\/p>\n<p>Jap\u00f3n, que se halla en el cruce de cuatro placas tect\u00f3nicas, sufre cada a\u00f1o m\u00e1s de 20% de los terremotos m\u00e1s fuertes que se registran en el mundo. <\/p>\n<p>Los japoneses son a\u00fan m\u00e1s conscientes de los riesgos desde el tsunami de marzo de 2011 que dej\u00f3 unos 18 mil 500 muertos y provoc\u00f3 el accidente nuclear de Fukushima. <\/p>\n<p>El archipi\u00e9lago nip\u00f3n registr\u00f3 en abril una serie de fuertes se\u00edsmos en la regi\u00f3n de Kumamoto (suroeste) que dejaron medio centenar de muertos. <\/p>\n<p>\u00a0 <\/p>\n","protected":false},"excerpt":{"rendered":"<p>Un fuerte terremoto de magnitud 6.6 sacudi\u00f3 el oeste de <a href=\"https:\/\/sertv.gob.pa\/crisolfm\/el-oeste-de-japon-sacudido-por-fuerte-terremoto\/\"> [&#8230;]<\/a><\/p>\n","protected":false},"author":1,"featured_media":6517,"comment_status":"closed","ping_status":"closed","sticky":false,"template":"","format":"standard","meta":{"footnotes":""},"categories":[7],"tags":[],"class_list":["post-6516","post","type-post","status-publish","format-standard","has-post-thumbnail","hentry","category-ecologicas"],"_links":{"self":[{"href":"https:\/\/sertv.gob.pa\/crisolfm\/wp-json\/wp\/v2\/posts\/6516","targetHints":{"allow":["GET"]}}],"collection":[{"href":"https:\/\/sertv.gob.pa\/crisolfm\/wp-json\/wp\/v2\/posts"}],"about":[{"href":"https:\/\/sertv.gob.pa\/crisolfm\/wp-json\/wp\/v2\/types\/post"}],"author":[{"embeddable":true,"href":"https:\/\/sertv.gob.pa\/crisolfm\/wp-json\/wp\/v2\/users\/1"}],"replies":[{"embeddable":true,"href":"https:\/\/sertv.gob.pa\/crisolfm\/wp-json\/wp\/v2\/comments?post=6516"}],"version-history":[{"count":0,"href":"https:\/\/sertv.gob.pa\/crisolfm\/wp-json\/wp\/v2\/posts\/6516\/revisions"}],"wp:featuredmedia":[{"embeddable":true,"href":"https:\/\/sertv.gob.pa\/crisolfm\/wp-json\/wp\/v2\/media\/6517"}],"wp:attachment":[{"href":"https:\/\/sertv.gob.pa\/crisolfm\/wp-json\/wp\/v2\/media?parent=6516"}],"wp:term":[{"taxonomy":"category","embeddable":true,"href":"https:\/\/sertv.gob.pa\/crisolfm\/wp-json\/wp\/v2\/categories?post=6516"},{"taxonomy":"post_tag","embeddable":true,"href":"https:\/\/sertv.gob.pa\/crisolfm\/wp-json\/wp\/v2\/tags?post=6516"}],"curies":[{"name":"wp","href":"https:\/\/api.w.org\/{rel}","templated":true}]}}