{"id":65197,"date":"2024-09-30T16:09:07","date_gmt":"2024-09-30T16:09:07","guid":{"rendered":"https:\/\/sertv.gob.pa\/crisolfm\/?p=65197"},"modified":"2024-09-30T16:09:07","modified_gmt":"2024-09-30T16:09:07","slug":"gran-asistencia-durante-feria-integral-del-adulto-mayor","status":"publish","type":"post","link":"https:\/\/sertv.gob.pa\/crisolfm\/gran-asistencia-durante-feria-integral-del-adulto-mayor\/","title":{"rendered":"Gran asistencia durante Feria Integral del Adulto Mayor"},"content":{"rendered":"<p><em><strong>\u00a0*M\u00e1s de mil personas participaron de la jornada de salud dirigida personas mayores de 60 a\u00f1os<\/strong><\/em><\/p>\n<p><strong>El Despacho de la Primera Dama de la Rep\u00fablica de Panam\u00e1,\u00a0 liderado por, Maricel Cohen de Mulino, en coordinaci\u00f3n con el Ministerio de Salud a trav\u00e9s de la Regi\u00f3n Metropolitana, organizaron la Feria Integral del Adulto Mayor que se desarroll\u00f3 este domingo 29 de septiembre en la Casa Club y Domo en el Parque Omar.<\/strong><\/p>\n<p><strong>La directora de Proyecci\u00f3n Social del Despacho de la Primera Dama, doctora Ivonne de Martinelli, detall\u00f3 que, la jornada empez\u00f3 desde tempranas horas con una gran afluencia de personas en b\u00fasqueda de la atenci\u00f3n m\u00e9dica.<\/strong><\/p>\n<p><strong>Mencion\u00f3 que, esta actividad, cont\u00f3 la participaci\u00f3n de otras instituciones, la empresa privada, la Asociaci\u00f3n Paname\u00f1a de Geriatr\u00eda, Alcald\u00eda de Panam\u00e1, La Cruz Roja Paname\u00f1a, hospitales privados entre otros.<\/strong><\/p>\n<p><strong>Indic\u00f3 que, el MINSA, brind\u00f3 servicios en valoraci\u00f3n integral b\u00e1sico, peso y talla, vacunaci\u00f3n, toma de presi\u00f3n arterial, densitometr\u00eda, audiometr\u00eda, pruebas cognitivas, mamograf\u00edas, laboratorio, dinamometr\u00eda, docencia con promoci\u00f3n de la salud, atenci\u00f3n a adultos mayores de 55 a\u00f1os, tamizaje visual con entrega de lentes de lectura y mucho m\u00e1s.<\/strong><\/p>\n<p><strong>As\u00ed mismo, los adultos mayores asistentes, disfrutaron de otras actividades de esparcimientos como: juegos de ajedrez, domin\u00f3, bingo, deportivas y puestos de orientaci\u00f3n para el carn\u00e9 de discapacidad y estacionamiento.<\/strong><\/p>\n<p><strong>Por su parte, el doctor Ricardo Torres Castillo, director de la Regi\u00f3n Metropolitana de Salud, se\u00f1al\u00f3 que, esta actividad, refleja la gran necesidad en servicios de salud que presenta la poblaci\u00f3n paname\u00f1a principalmente la que conforma esta regi\u00f3n del pa\u00eds.<\/strong><\/p>\n<p><strong>El Dr. Torres, sostuvo que, la feria integral cuenta con un equipo m\u00e9dico completo, en donde cada instalaci\u00f3n de salud que forma parte de la regi\u00f3n metropolitana, brind\u00f3 el apoyo fortaleciendo el mensaje del presidente de la Rep\u00fablica, Jos\u00e9 Ra\u00fal Mulino y el ministro de Salud, Fernando Boyd Galindo, de llevar la atenci\u00f3n primaria al sitial que se merece.<\/strong><\/p>\n<p><strong>Puntualiz\u00f3 en que, estas actividades se seguir\u00e1n llevando a cabo en distintas \u00e1reas del pa\u00eds, igualmente reforzando las atenciones brindadas en los diferentes centros de salud.<\/strong><\/p>\n<p><strong>El Ministerio de Salud, realiza estas jornadas con el objetivo de promover el cuidado de la salud, as\u00ed como evaluar a los adultos mayores, dar seguimientos en sus atenciones inculc\u00e1ndoles los buenos estilos de vida saludable.<\/strong><\/p>\n<p>&nbsp;<\/p>\n<p>Fuente: MINSA<\/p>\n","protected":false},"excerpt":{"rendered":"<p>\u00a0*M\u00e1s de mil personas participaron de la jornada de salud <a href=\"https:\/\/sertv.gob.pa\/crisolfm\/gran-asistencia-durante-feria-integral-del-adulto-mayor\/\"> [&#8230;]<\/a><\/p>\n","protected":false},"author":9,"featured_media":65198,"comment_status":"closed","ping_status":"closed","sticky":false,"template":"","format":"standard","meta":{"footnotes":""},"categories":[14],"tags":[],"class_list":["post-65197","post","type-post","status-publish","format-standard","has-post-thumbnail","hentry","category-salud"],"_links":{"self":[{"href":"https:\/\/sertv.gob.pa\/crisolfm\/wp-json\/wp\/v2\/posts\/65197","targetHints":{"allow":["GET"]}}],"collection":[{"href":"https:\/\/sertv.gob.pa\/crisolfm\/wp-json\/wp\/v2\/posts"}],"about":[{"href":"https:\/\/sertv.gob.pa\/crisolfm\/wp-json\/wp\/v2\/types\/post"}],"author":[{"embeddable":true,"href":"https:\/\/sertv.gob.pa\/crisolfm\/wp-json\/wp\/v2\/users\/9"}],"replies":[{"embeddable":true,"href":"https:\/\/sertv.gob.pa\/crisolfm\/wp-json\/wp\/v2\/comments?post=65197"}],"version-history":[{"count":1,"href":"https:\/\/sertv.gob.pa\/crisolfm\/wp-json\/wp\/v2\/posts\/65197\/revisions"}],"predecessor-version":[{"id":65199,"href":"https:\/\/sertv.gob.pa\/crisolfm\/wp-json\/wp\/v2\/posts\/65197\/revisions\/65199"}],"wp:featuredmedia":[{"embeddable":true,"href":"https:\/\/sertv.gob.pa\/crisolfm\/wp-json\/wp\/v2\/media\/65198"}],"wp:attachment":[{"href":"https:\/\/sertv.gob.pa\/crisolfm\/wp-json\/wp\/v2\/media?parent=65197"}],"wp:term":[{"taxonomy":"category","embeddable":true,"href":"https:\/\/sertv.gob.pa\/crisolfm\/wp-json\/wp\/v2\/categories?post=65197"},{"taxonomy":"post_tag","embeddable":true,"href":"https:\/\/sertv.gob.pa\/crisolfm\/wp-json\/wp\/v2\/tags?post=65197"}],"curies":[{"name":"wp","href":"https:\/\/api.w.org\/{rel}","templated":true}]}}