{"id":6524,"date":"2016-10-23T05:00:00","date_gmt":"2016-10-23T05:00:00","guid":{"rendered":""},"modified":"2016-10-23T05:00:00","modified_gmt":"2016-10-23T05:00:00","slug":"en-espana-anulan-prohibicion-de-corridas-de-toros-en-cataluna","status":"publish","type":"post","link":"https:\/\/sertv.gob.pa\/crisolfm\/en-espana-anulan-prohibicion-de-corridas-de-toros-en-cataluna\/","title":{"rendered":"En Espa\u00f1a anulan prohibici\u00f3n de corridas de toros en Catalu\u00f1a"},"content":{"rendered":"<p>\n El Tribunal Constitucional espa\u00f1ol  ha anulado el art\u00edculo de la ley catalana que desde 2012 proh\u00edbe las corridas de toros en ese territorio, &ldquo;porque invade la competencia del Estado en materia de cultura&rdquo;, se\u00f1al\u00f3 \u00a0a la AFP una fuente judicial. <\/p>\n<p>El alto tribunal argumenta que &ldquo;Catalu\u00f1a tiene competencia para regular los espect\u00e1culos p\u00fablicos y tambi\u00e9n para proteger a los animales&rdquo;, pero &ldquo;en este caso (&#8230;) la tauromaquia ha sido declarada por el Estado patrimonio cultural&rdquo;, por lo que la prohibici\u00f3n &ldquo;invade competencias estatales en materia de cultura&rdquo;, indic\u00f3 la fuente judicial. <\/p>\n<p>&ldquo;El Estado dict\u00f3 dos leyes, una en 2013 y otra en 2015, que no fueron recurridas ante el TC, con las que los declar\u00f3 (los toros) patrimonio cultural inmaterial&rdquo;, agreg\u00f3. <\/p>\n<p>El Parlamento regional catal\u00e1n, de mayor\u00eda nacionalista, vot\u00f3 dicha prohibici\u00f3n en 2010, en nombre de la defensa de los animales. La medida entr\u00f3 en vigor en 2012. <\/p>\n<p>La ley parti\u00f3 de una iniciativa legislativa popular, lanzada en 2008, y que recab\u00f3 180 mil firmas. Catalu\u00f1a se convirti\u00f3 as\u00ed en la segunda regi\u00f3n espa\u00f1ola en prohibir los toros en su territorio, despu\u00e9s de las Islas Canarias en 1991. <\/p>\n<p>M\u00e1s all\u00e1 de la ecolog\u00eda, la tauromaquia, llamada &ldquo;fiesta nacional&rdquo; en Espa\u00f1a, tiene tambi\u00e9n un fuerte componente pol\u00edtico en una Catalu\u00f1a gobernada por una coalici\u00f3n secesionista, que mantiene un duro pulso con el Estado espa\u00f1ol en los tribunales. <\/p>\n<p>&ldquo;En el Estado espa\u00f1ol es anticonstitucional prohibir la tortura y asesinato de un animal p\u00fablicamente. Dir\u00eda que est\u00e1 todo dicho&rdquo;, critic\u00f3 en Twitter Gabriel Rufi\u00e1n, portavoz parlamentario de Esquerra Republicana de Catalunya. <\/p>\n<p>Dicho partido forma junto con el Partido Dem\u00f3crata Catal\u00e1n la coalici\u00f3n independentista Juntos por el S\u00ed, que gobierna Catalu\u00f1a. <\/p>\n<p>\u00a0 <\/p>\n","protected":false},"excerpt":{"rendered":"<p>El Tribunal Constitucional espa\u00f1ol ha anulado el art\u00edculo de la <a href=\"https:\/\/sertv.gob.pa\/crisolfm\/en-espana-anulan-prohibicion-de-corridas-de-toros-en-cataluna\/\"> [&#8230;]<\/a><\/p>\n","protected":false},"author":1,"featured_media":6525,"comment_status":"closed","ping_status":"closed","sticky":false,"template":"","format":"standard","meta":{"footnotes":""},"categories":[7],"tags":[],"class_list":["post-6524","post","type-post","status-publish","format-standard","has-post-thumbnail","hentry","category-ecologicas"],"_links":{"self":[{"href":"https:\/\/sertv.gob.pa\/crisolfm\/wp-json\/wp\/v2\/posts\/6524","targetHints":{"allow":["GET"]}}],"collection":[{"href":"https:\/\/sertv.gob.pa\/crisolfm\/wp-json\/wp\/v2\/posts"}],"about":[{"href":"https:\/\/sertv.gob.pa\/crisolfm\/wp-json\/wp\/v2\/types\/post"}],"author":[{"embeddable":true,"href":"https:\/\/sertv.gob.pa\/crisolfm\/wp-json\/wp\/v2\/users\/1"}],"replies":[{"embeddable":true,"href":"https:\/\/sertv.gob.pa\/crisolfm\/wp-json\/wp\/v2\/comments?post=6524"}],"version-history":[{"count":0,"href":"https:\/\/sertv.gob.pa\/crisolfm\/wp-json\/wp\/v2\/posts\/6524\/revisions"}],"wp:featuredmedia":[{"embeddable":true,"href":"https:\/\/sertv.gob.pa\/crisolfm\/wp-json\/wp\/v2\/media\/6525"}],"wp:attachment":[{"href":"https:\/\/sertv.gob.pa\/crisolfm\/wp-json\/wp\/v2\/media?parent=6524"}],"wp:term":[{"taxonomy":"category","embeddable":true,"href":"https:\/\/sertv.gob.pa\/crisolfm\/wp-json\/wp\/v2\/categories?post=6524"},{"taxonomy":"post_tag","embeddable":true,"href":"https:\/\/sertv.gob.pa\/crisolfm\/wp-json\/wp\/v2\/tags?post=6524"}],"curies":[{"name":"wp","href":"https:\/\/api.w.org\/{rel}","templated":true}]}}