{"id":65249,"date":"2024-10-01T16:43:57","date_gmt":"2024-10-01T16:43:57","guid":{"rendered":"https:\/\/sertv.gob.pa\/crisolfm\/?p=65249"},"modified":"2024-10-01T16:43:57","modified_gmt":"2024-10-01T16:43:57","slug":"inauguracion-de-la-clinica-de-aplicacion-de-anticuerpo-para-la-poblacion-pediatrica","status":"publish","type":"post","link":"https:\/\/sertv.gob.pa\/crisolfm\/inauguracion-de-la-clinica-de-aplicacion-de-anticuerpo-para-la-poblacion-pediatrica\/","title":{"rendered":"Inauguraci\u00f3n de la Cl\u00ednica de aplicaci\u00f3n de anticuerpo para la poblaci\u00f3n pedi\u00e1trica"},"content":{"rendered":"<div class=\"fusion-fullwidth fullwidth-box fusion-builder-row-1 fusion-flex-container has-pattern-background has-mask-background nonhundred-percent-fullwidth non-hundred-percent-height-scrolling\" style=\"--awb-border-radius-top-left:0px;--awb-border-radius-top-right:0px;--awb-border-radius-bottom-right:0px;--awb-border-radius-bottom-left:0px;--awb-flex-wrap:wrap;\" ><div class=\"fusion-builder-row fusion-row fusion-flex-align-items-flex-start fusion-flex-content-wrap\" style=\"max-width:1144px;margin-left: calc(-4% \/ 2 );margin-right: calc(-4% \/ 2 );\"><div class=\"fusion-layout-column fusion_builder_column fusion-builder-column-0 fusion_builder_column_1_1 1_1 fusion-flex-column\" style=\"--awb-bg-size:cover;--awb-width-large:100%;--awb-margin-top-large:0px;--awb-spacing-right-large:1.92%;--awb-margin-bottom-large:20px;--awb-spacing-left-large:1.92%;--awb-width-medium:100%;--awb-order-medium:0;--awb-spacing-right-medium:1.92%;--awb-spacing-left-medium:1.92%;--awb-width-small:100%;--awb-order-small:0;--awb-spacing-right-small:1.92%;--awb-spacing-left-small:1.92%;\"><div class=\"fusion-column-wrapper fusion-column-has-shadow fusion-flex-justify-content-flex-start fusion-content-layout-column\"><div class=\"fusion-text fusion-text-1\"><p><strong>El Hospital San Miguel Arc\u00e1ngel (HSMA), se une al grupo de hospitales nacionales asignados para la aplicaci\u00f3n del \u201canticuerpo monoclonal\u201d PALIVIZUMAB en la lucha contra el virus sincitial respiratorio.<\/strong><\/p>\n<p><strong>El director m\u00e9dico del Hospital San Miguel Arc\u00e1ngel, Rafael De Gracia indic\u00f3 que, esta infecci\u00f3n pulmonar afecta a muchos ni\u00f1os, principalmente a los menores de 2 a\u00f1os; m\u00e1s aquellos que nacen bajo peso, prematuros, con problemas card\u00edacos o con antecedentes de problemas pulmonares, con cardiopat\u00eda cong\u00e9nita, son m\u00e1s susceptible a este virus los embates de una manera muy grave incluso morir.<\/strong><\/p>\n<p><strong>El medicamento es parecido a una vacuna, debe aplicarse en varias dosis (intramusculares) para robustecer el organismo del ni\u00f1o, destaco el director M\u00e9dico del Hospital San Miguel Arc\u00e1ngel.<\/strong><\/p>\n<p><strong>En el Hospital San Miguel Arc\u00e1ngel en el 2023, se registraron 50 casos de ni\u00f1os hospitalizado, la mayor\u00eda grave que son trasladados; y en lo que va del 2024 se han registrado 75 casos de ni\u00f1os hospitalizado.<\/strong><\/p>\n<p><strong>\u201cSon a esos ni\u00f1os que tenemos que cubrir; la vacuna tiene un costo de 1,050 balboas y muchas veces rinde para uno o dos pacientes, los padres est\u00e1n bien consciente de la importancia de este tratamiento\u201d, dijo De Gracia.<\/strong><\/p>\n<p><strong>Esta vacuna no se aplica a todos los ni\u00f1os. Solamente aquellos ni\u00f1os con los siguientes criterios m\u00e9dicos: menores de 35 semanas, ni\u00f1os cardi\u00f3patas con cardiopat\u00edas cong\u00e9nitas inestable menores de 2 a\u00f1os, ni\u00f1os con antecedentes de displac\u00eda broncopulmonar.<\/strong><\/p>\n<p><strong>Adem\u00e1s, deben traer una referencia de su pediatra o m\u00e9dico general de las Regiones de Salud de San Miguelito, Panam\u00e1 Norte, Hospital del Ni\u00f1o o de las Cl\u00ednicas Privadas que los pacientes residan en el distrito, dijo la jefa del programa de neonatolog\u00eda del Hospital San Miguel Arc\u00e1ngel, Dilia Gaona.<\/strong><\/p>\n<p><strong>Esta inauguraci\u00f3n, tuvo a cargo del director m\u00e9dico del Hospital San Miguel Arc\u00e1ngel, Rafael De Gracia, Dilia Gaona jefa de Neonatolog\u00eda, Kimaura G\u00f3liz, subdirectora m\u00e9dica del programa de neonatolog\u00eda del Hospital San Miguel Arc\u00e1ngel, directores regionales, jefe de programas, entre otros.<\/strong><\/p>\n<p>Fuente: MINSA<\/p>\n<\/div><div class=\"awb-gallery-wrapper awb-gallery-wrapper-1 button-span-no\" style=\"--more-btn-alignment:center;\"><div style=\"margin:-5px;--awb-bordersize:0px;\" class=\"fusion-gallery fusion-gallery-container fusion-grid-3 fusion-columns-total-3 fusion-gallery-layout-grid fusion-gallery-1\"><div style=\"padding:5px;\" class=\"fusion-grid-column fusion-gallery-column fusion-gallery-column-3 hover-type-none\"><div class=\"fusion-gallery-image\"><a href=\"https:\/\/sertv.gob.pa\/crisolfm\/wp-content\/uploads\/sites\/2\/2024\/10\/clinica-pediatrica-2.jpeg\" rel=\"noreferrer\" data-rel=\"iLightbox[gallery_image_1]\" class=\"fusion-lightbox\" target=\"_self\"><img decoding=\"async\" src=\"https:\/\/sertv.gob.pa\/crisolfm\/wp-content\/uploads\/sites\/2\/2024\/10\/clinica-pediatrica-2.jpeg\" width=\"305\" height=\"407\" alt=\"\" title=\"cl\u00ednica pedi\u00e1trica 2\" aria-label=\"cl\u00ednica pedi\u00e1trica 2\" class=\"img-responsive wp-image-65251\" srcset=\"https:\/\/sertv.gob.pa\/crisolfm\/wp-content\/uploads\/sites\/2\/2024\/10\/clinica-pediatrica-2-200x267.jpeg 200w, https:\/\/sertv.gob.pa\/crisolfm\/wp-content\/uploads\/sites\/2\/2024\/10\/clinica-pediatrica-2.jpeg 305w\" sizes=\"(min-width: 2200px) 100vw, (min-width: 784px) 363px, (min-width: 712px) 545px, (min-width: 640px) 712px, \" \/><\/a><\/div><\/div><div style=\"padding:5px;\" class=\"fusion-grid-column fusion-gallery-column fusion-gallery-column-3 hover-type-none\"><div class=\"fusion-gallery-image\"><a href=\"https:\/\/sertv.gob.pa\/crisolfm\/wp-content\/uploads\/sites\/2\/2024\/10\/CLINICA-PEDIATRICA-3.jpeg\" rel=\"noreferrer\" data-rel=\"iLightbox[gallery_image_1]\" class=\"fusion-lightbox\" target=\"_self\"><img decoding=\"async\" src=\"https:\/\/sertv.gob.pa\/crisolfm\/wp-content\/uploads\/sites\/2\/2024\/10\/CLINICA-PEDIATRICA-3.jpeg\" width=\"450\" height=\"600\" alt=\"\" title=\"CL\u00cdNICA PEDI\u00c1TRICA 3\" aria-label=\"CL\u00cdNICA PEDI\u00c1TRICA 3\" class=\"img-responsive wp-image-65252\" srcset=\"https:\/\/sertv.gob.pa\/crisolfm\/wp-content\/uploads\/sites\/2\/2024\/10\/CLINICA-PEDIATRICA-3-200x267.jpeg 200w, https:\/\/sertv.gob.pa\/crisolfm\/wp-content\/uploads\/sites\/2\/2024\/10\/CLINICA-PEDIATRICA-3-400x533.jpeg 400w, https:\/\/sertv.gob.pa\/crisolfm\/wp-content\/uploads\/sites\/2\/2024\/10\/CLINICA-PEDIATRICA-3.jpeg 450w\" sizes=\"(min-width: 2200px) 100vw, (min-width: 784px) 363px, (min-width: 712px) 545px, (min-width: 640px) 712px, \" \/><\/a><\/div><\/div><div style=\"padding:5px;\" class=\"fusion-grid-column fusion-gallery-column fusion-gallery-column-3 hover-type-none\"><div class=\"fusion-gallery-image\"><a href=\"https:\/\/sertv.gob.pa\/crisolfm\/wp-content\/uploads\/sites\/2\/2024\/10\/CLINICA-PEDIATRICA-4.jpeg\" rel=\"noreferrer\" data-rel=\"iLightbox[gallery_image_1]\" class=\"fusion-lightbox\" target=\"_self\"><img decoding=\"async\" src=\"https:\/\/sertv.gob.pa\/crisolfm\/wp-content\/uploads\/sites\/2\/2024\/10\/CLINICA-PEDIATRICA-4.jpeg\" width=\"600\" height=\"450\" alt=\"\" title=\"CL\u00cdNICA PEDI\u00c1TRICA 4\" aria-label=\"CL\u00cdNICA PEDI\u00c1TRICA 4\" class=\"img-responsive wp-image-65253\" srcset=\"https:\/\/sertv.gob.pa\/crisolfm\/wp-content\/uploads\/sites\/2\/2024\/10\/CLINICA-PEDIATRICA-4-200x150.jpeg 200w, https:\/\/sertv.gob.pa\/crisolfm\/wp-content\/uploads\/sites\/2\/2024\/10\/CLINICA-PEDIATRICA-4-400x300.jpeg 400w, https:\/\/sertv.gob.pa\/crisolfm\/wp-content\/uploads\/sites\/2\/2024\/10\/CLINICA-PEDIATRICA-4.jpeg 600w\" sizes=\"(min-width: 2200px) 100vw, (min-width: 784px) 363px, (min-width: 712px) 545px, (min-width: 640px) 712px, \" \/><\/a><\/div><\/div><div class=\"clearfix\"><\/div><\/div><\/div><\/div><\/div><\/div><\/div>\n","protected":false},"excerpt":{"rendered":"","protected":false},"author":9,"featured_media":65250,"comment_status":"closed","ping_status":"closed","sticky":false,"template":"","format":"standard","meta":{"footnotes":""},"categories":[14],"tags":[],"class_list":["post-65249","post","type-post","status-publish","format-standard","has-post-thumbnail","hentry","category-salud"],"_links":{"self":[{"href":"https:\/\/sertv.gob.pa\/crisolfm\/wp-json\/wp\/v2\/posts\/65249","targetHints":{"allow":["GET"]}}],"collection":[{"href":"https:\/\/sertv.gob.pa\/crisolfm\/wp-json\/wp\/v2\/posts"}],"about":[{"href":"https:\/\/sertv.gob.pa\/crisolfm\/wp-json\/wp\/v2\/types\/post"}],"author":[{"embeddable":true,"href":"https:\/\/sertv.gob.pa\/crisolfm\/wp-json\/wp\/v2\/users\/9"}],"replies":[{"embeddable":true,"href":"https:\/\/sertv.gob.pa\/crisolfm\/wp-json\/wp\/v2\/comments?post=65249"}],"version-history":[{"count":1,"href":"https:\/\/sertv.gob.pa\/crisolfm\/wp-json\/wp\/v2\/posts\/65249\/revisions"}],"predecessor-version":[{"id":65254,"href":"https:\/\/sertv.gob.pa\/crisolfm\/wp-json\/wp\/v2\/posts\/65249\/revisions\/65254"}],"wp:featuredmedia":[{"embeddable":true,"href":"https:\/\/sertv.gob.pa\/crisolfm\/wp-json\/wp\/v2\/media\/65250"}],"wp:attachment":[{"href":"https:\/\/sertv.gob.pa\/crisolfm\/wp-json\/wp\/v2\/media?parent=65249"}],"wp:term":[{"taxonomy":"category","embeddable":true,"href":"https:\/\/sertv.gob.pa\/crisolfm\/wp-json\/wp\/v2\/categories?post=65249"},{"taxonomy":"post_tag","embeddable":true,"href":"https:\/\/sertv.gob.pa\/crisolfm\/wp-json\/wp\/v2\/tags?post=65249"}],"curies":[{"name":"wp","href":"https:\/\/api.w.org\/{rel}","templated":true}]}}