{"id":65306,"date":"2024-10-02T15:55:55","date_gmt":"2024-10-02T15:55:55","guid":{"rendered":"https:\/\/sertv.gob.pa\/crisolfm\/?p=65306"},"modified":"2024-10-02T15:55:55","modified_gmt":"2024-10-02T15:55:55","slug":"inician-actividades-de-la-cinta-rosada-y-celeste-en-colon","status":"publish","type":"post","link":"https:\/\/sertv.gob.pa\/crisolfm\/inician-actividades-de-la-cinta-rosada-y-celeste-en-colon\/","title":{"rendered":"Inician actividades de la Cinta Rosada y Celeste en Col\u00f3n"},"content":{"rendered":"<p><strong>En el marco de las actividades conmemorativas del Mes de conciencia y sensibilizaci\u00f3n sobre el c\u00e1ncer de mama, se realiz\u00f3 este 1 de octubre, una misa especial, con el prop\u00f3sito de unir en oraci\u00f3n y reflexi\u00f3n sobre la importancia de la detecci\u00f3n temprana y el apoyo a las personas afectadas por esta enfermedad.<\/strong><\/p>\n<p><strong>La misa se celebr\u00f3 en el Santuario Diocesano Se\u00f1ora del Carmen en la ciudad de Col\u00f3n, a la que asisti\u00f3 la Dra. Nancy Torres, directora regional del Minsa\/Col\u00f3n y personal de la Regi\u00f3n de salud de Col\u00f3n, familiares, pacientes sobreviviente con c\u00e1ncer y personas que est\u00e1n en proceso de tratamiento.<\/strong><\/p>\n<p><strong>Al final del oficio religioso por parte del Minsa se entreg\u00f3 canastilla de v\u00edveres a familiares y pacientes con c\u00e1ncer, como una forma de apoyarlos en este proceso de atenci\u00f3n.<\/strong><\/p>\n<p>&nbsp;<\/p>\n<p>Fuente: MINSA<\/p>\n","protected":false},"excerpt":{"rendered":"<p>En el marco de las actividades conmemorativas del Mes de <a href=\"https:\/\/sertv.gob.pa\/crisolfm\/inician-actividades-de-la-cinta-rosada-y-celeste-en-colon\/\"> [&#8230;]<\/a><\/p>\n","protected":false},"author":9,"featured_media":65307,"comment_status":"closed","ping_status":"closed","sticky":false,"template":"","format":"standard","meta":{"footnotes":""},"categories":[14],"tags":[],"class_list":["post-65306","post","type-post","status-publish","format-standard","has-post-thumbnail","hentry","category-salud"],"_links":{"self":[{"href":"https:\/\/sertv.gob.pa\/crisolfm\/wp-json\/wp\/v2\/posts\/65306","targetHints":{"allow":["GET"]}}],"collection":[{"href":"https:\/\/sertv.gob.pa\/crisolfm\/wp-json\/wp\/v2\/posts"}],"about":[{"href":"https:\/\/sertv.gob.pa\/crisolfm\/wp-json\/wp\/v2\/types\/post"}],"author":[{"embeddable":true,"href":"https:\/\/sertv.gob.pa\/crisolfm\/wp-json\/wp\/v2\/users\/9"}],"replies":[{"embeddable":true,"href":"https:\/\/sertv.gob.pa\/crisolfm\/wp-json\/wp\/v2\/comments?post=65306"}],"version-history":[{"count":2,"href":"https:\/\/sertv.gob.pa\/crisolfm\/wp-json\/wp\/v2\/posts\/65306\/revisions"}],"predecessor-version":[{"id":65309,"href":"https:\/\/sertv.gob.pa\/crisolfm\/wp-json\/wp\/v2\/posts\/65306\/revisions\/65309"}],"wp:featuredmedia":[{"embeddable":true,"href":"https:\/\/sertv.gob.pa\/crisolfm\/wp-json\/wp\/v2\/media\/65307"}],"wp:attachment":[{"href":"https:\/\/sertv.gob.pa\/crisolfm\/wp-json\/wp\/v2\/media?parent=65306"}],"wp:term":[{"taxonomy":"category","embeddable":true,"href":"https:\/\/sertv.gob.pa\/crisolfm\/wp-json\/wp\/v2\/categories?post=65306"},{"taxonomy":"post_tag","embeddable":true,"href":"https:\/\/sertv.gob.pa\/crisolfm\/wp-json\/wp\/v2\/tags?post=65306"}],"curies":[{"name":"wp","href":"https:\/\/api.w.org\/{rel}","templated":true}]}}