{"id":65310,"date":"2024-10-02T16:22:56","date_gmt":"2024-10-02T16:22:56","guid":{"rendered":"https:\/\/sertv.gob.pa\/crisolfm\/?p=65310"},"modified":"2024-10-02T16:22:56","modified_gmt":"2024-10-02T16:22:56","slug":"minsa-lanza-campana-de-la-cinta-rosada-y-celeste-en-los-santos","status":"publish","type":"post","link":"https:\/\/sertv.gob.pa\/crisolfm\/minsa-lanza-campana-de-la-cinta-rosada-y-celeste-en-los-santos\/","title":{"rendered":"MINSA lanza campa\u00f1a de la Cinta Rosada y Celeste en Los Santos"},"content":{"rendered":"<p><strong>Con un significativo acto en el MINSA CAPSI Gerardino de Le\u00f3n, de la ciudad de Las Tablas, la Regi\u00f3n de Salud de Los Santos, llev\u00f3 a cabo el lanzamiento de la Campa\u00f1a de la Cinta Rosada y Celeste, con el lema: Con paso firme en la lucha contra el c\u00e1ncer.<\/strong><\/p>\n<p><strong>Este acto, marca el inicio de una serie de acciones dirigidas a la prevenci\u00f3n y detecci\u00f3n temprana del c\u00e1ncer de mama y de pr\u00f3stata, que tiene una alta prevalencia en la provincia de Los Santos, seg\u00fan diagn\u00f3sticos de la Unidad Regional Oncol\u00f3gica de Azuero.<\/strong><\/p>\n<p><strong>El acto, cont\u00f3 con la presencia de la subdirectora regional de Salud en Los Santos, doctora Cristina Correa, en representaci\u00f3n del doctor Antonio Manuel Gonz\u00e1lez Gonz\u00e1lez, director regional de Salud en la provincia, doctora Evilyn Peralta, directora del distrito de Salud de Las Tablas, el p\u00e1rroco Carlos Rivera, de la parroquia Santa Librada y la subdirectora del Ministerio de Desarrollo Social, licenciada Rina Vergara.<\/strong><\/p>\n<p><strong>\u201cDurante el mes de octubre, el Ministerio de Salud, redobla sus esfuerzos en la prevenci\u00f3n y detecci\u00f3n temprana del c\u00e1ncer de mama y de pr\u00f3stata, a trav\u00e9s de m\u00faltiples actividades como son: docencias en salas de atenci\u00f3n, murales, jornadas de mamograf\u00edas, de tacto rectal, entre otras\u00bb, destac\u00f3 la doctora Correa.<\/strong><\/p>\n<p><strong>El testimonio de la se\u00f1ora Nelva Quintero de Achurra, sobreviviente de c\u00e1ncer alert\u00f3 a los presentes sobre la importancia de la detecci\u00f3n temprana de este padecimiento. Quintero, narr\u00f3 como un examen de mama a tiempo le dio una nueva oportunidad de vida.<\/strong><\/p>\n<p><strong>La doctora Evelyn Peralta, agradeci\u00f3 la disponibilidad de todo el equipo de profesionales del MINSA, por su aporte a esta campa\u00f1a e hizo un llamado a la poblaci\u00f3n para que se acerquen a las instalaciones de Salud por un diagn\u00f3stico a tiempo.<\/strong><\/p>\n<p><strong>La Regi\u00f3n de Salud de Los Santos, cuenta con mam\u00f3grafos en los MINSA-CAPSI de Las Tablas, Macaracas y Pedas\u00ed. De igual forma, en los hospitales Joaqu\u00edn Pablo Franco Sayas de Las Tablas y el Hospital Regional de Azuero Anita Moreno.<\/strong><\/p>\n<p><strong>La actividad estuvo amenizada por la banda de m\u00fasica de la Escuela Claudio V\u00e1zquez de Las Tablas y el viol\u00edn de Jos\u00e9 Augusto Broce, para finalizar con un concurso de puertas con adornos alusivos a la campana.<\/strong><\/p>\n<p>&nbsp;<\/p>\n<p>Fuente: MINSA<\/p>\n","protected":false},"excerpt":{"rendered":"<p>Con un significativo acto en el MINSA CAPSI Gerardino de <a href=\"https:\/\/sertv.gob.pa\/crisolfm\/minsa-lanza-campana-de-la-cinta-rosada-y-celeste-en-los-santos\/\"> [&#8230;]<\/a><\/p>\n","protected":false},"author":9,"featured_media":65311,"comment_status":"closed","ping_status":"closed","sticky":false,"template":"","format":"standard","meta":{"footnotes":""},"categories":[14],"tags":[],"class_list":["post-65310","post","type-post","status-publish","format-standard","has-post-thumbnail","hentry","category-salud"],"_links":{"self":[{"href":"https:\/\/sertv.gob.pa\/crisolfm\/wp-json\/wp\/v2\/posts\/65310","targetHints":{"allow":["GET"]}}],"collection":[{"href":"https:\/\/sertv.gob.pa\/crisolfm\/wp-json\/wp\/v2\/posts"}],"about":[{"href":"https:\/\/sertv.gob.pa\/crisolfm\/wp-json\/wp\/v2\/types\/post"}],"author":[{"embeddable":true,"href":"https:\/\/sertv.gob.pa\/crisolfm\/wp-json\/wp\/v2\/users\/9"}],"replies":[{"embeddable":true,"href":"https:\/\/sertv.gob.pa\/crisolfm\/wp-json\/wp\/v2\/comments?post=65310"}],"version-history":[{"count":1,"href":"https:\/\/sertv.gob.pa\/crisolfm\/wp-json\/wp\/v2\/posts\/65310\/revisions"}],"predecessor-version":[{"id":65312,"href":"https:\/\/sertv.gob.pa\/crisolfm\/wp-json\/wp\/v2\/posts\/65310\/revisions\/65312"}],"wp:featuredmedia":[{"embeddable":true,"href":"https:\/\/sertv.gob.pa\/crisolfm\/wp-json\/wp\/v2\/media\/65311"}],"wp:attachment":[{"href":"https:\/\/sertv.gob.pa\/crisolfm\/wp-json\/wp\/v2\/media?parent=65310"}],"wp:term":[{"taxonomy":"category","embeddable":true,"href":"https:\/\/sertv.gob.pa\/crisolfm\/wp-json\/wp\/v2\/categories?post=65310"},{"taxonomy":"post_tag","embeddable":true,"href":"https:\/\/sertv.gob.pa\/crisolfm\/wp-json\/wp\/v2\/tags?post=65310"}],"curies":[{"name":"wp","href":"https:\/\/api.w.org\/{rel}","templated":true}]}}