{"id":6534,"date":"2016-10-24T18:44:15","date_gmt":"2016-10-24T18:44:15","guid":{"rendered":""},"modified":"2016-10-24T18:44:15","modified_gmt":"2016-10-24T18:44:15","slug":"en-suecia-solicitan-prohibir-autos-de-combustion-fosil","status":"publish","type":"post","link":"https:\/\/sertv.gob.pa\/crisolfm\/en-suecia-solicitan-prohibir-autos-de-combustion-fosil\/","title":{"rendered":"En Suecia solicitan prohibir autos de combusti\u00f3n f\u00f3sil"},"content":{"rendered":"<p>\nLa ministra de Medio Ambiente y Clima sueca, Isabella L\u00f6vin, abog\u00f3 por prohibir los coches con motor de gasolina para el a\u00f1o 2030, seg\u00fan informa el diario Aftonbladet. <\/p>\n<p>&lsquo;Se espera que en 2016 la temperatura global est\u00e9 1.3 grados cent\u00edgrados por encima del nivel preindustrial, y el objetivo m\u00e1ximo son 1.5 grados cent\u00edgrados, as\u00ed que ahora es urgente&#8217;, declar\u00f3. <\/p>\n<p>Si se quiere mantener el calentamiento global por debajo de los dos grados cent\u00edgrados, es necesario que la flota completa de veh\u00edculos deje de funcionar con combustibles f\u00f3siles, subray\u00f3. <\/p>\n<p>La ministra record\u00f3 que el Bundesrat, la c\u00e1mara alta del Parlamento alem\u00e1n, aprob\u00f3 recientemente una resoluci\u00f3n para prohibir la venta de veh\u00edculos que usan combustibles f\u00f3siles para el a\u00f1o 2030 y que Noruega y Holanda defienden la misma l\u00ednea. <\/p>\n<p>&lsquo;Es una propuesta muy interesante que vamos a estudiar. Si queremos ser capaces de implementarla, s\u00f3lo ser\u00eda realista si la prohibici\u00f3n se establece a nivel europeo&#8217;, afirm\u00f3 la ministra. <\/p>\n<p>L\u00f6vin subray\u00f3 que no hay tiempo que perder y a\u00f1adi\u00f3 que no ve otra opci\u00f3n que eliminar los veh\u00edculos que funcionan con combustibles f\u00f3siles. <\/p>\n<p>\u00a0 <\/p>\n","protected":false},"excerpt":{"rendered":"<p>La ministra de Medio Ambiente y Clima sueca, Isabella L\u00f6vin, <a href=\"https:\/\/sertv.gob.pa\/crisolfm\/en-suecia-solicitan-prohibir-autos-de-combustion-fosil\/\"> [&#8230;]<\/a><\/p>\n","protected":false},"author":1,"featured_media":6535,"comment_status":"closed","ping_status":"closed","sticky":false,"template":"","format":"standard","meta":{"footnotes":""},"categories":[7],"tags":[],"class_list":["post-6534","post","type-post","status-publish","format-standard","has-post-thumbnail","hentry","category-ecologicas"],"_links":{"self":[{"href":"https:\/\/sertv.gob.pa\/crisolfm\/wp-json\/wp\/v2\/posts\/6534","targetHints":{"allow":["GET"]}}],"collection":[{"href":"https:\/\/sertv.gob.pa\/crisolfm\/wp-json\/wp\/v2\/posts"}],"about":[{"href":"https:\/\/sertv.gob.pa\/crisolfm\/wp-json\/wp\/v2\/types\/post"}],"author":[{"embeddable":true,"href":"https:\/\/sertv.gob.pa\/crisolfm\/wp-json\/wp\/v2\/users\/1"}],"replies":[{"embeddable":true,"href":"https:\/\/sertv.gob.pa\/crisolfm\/wp-json\/wp\/v2\/comments?post=6534"}],"version-history":[{"count":0,"href":"https:\/\/sertv.gob.pa\/crisolfm\/wp-json\/wp\/v2\/posts\/6534\/revisions"}],"wp:featuredmedia":[{"embeddable":true,"href":"https:\/\/sertv.gob.pa\/crisolfm\/wp-json\/wp\/v2\/media\/6535"}],"wp:attachment":[{"href":"https:\/\/sertv.gob.pa\/crisolfm\/wp-json\/wp\/v2\/media?parent=6534"}],"wp:term":[{"taxonomy":"category","embeddable":true,"href":"https:\/\/sertv.gob.pa\/crisolfm\/wp-json\/wp\/v2\/categories?post=6534"},{"taxonomy":"post_tag","embeddable":true,"href":"https:\/\/sertv.gob.pa\/crisolfm\/wp-json\/wp\/v2\/tags?post=6534"}],"curies":[{"name":"wp","href":"https:\/\/api.w.org\/{rel}","templated":true}]}}