{"id":65365,"date":"2024-10-03T17:07:08","date_gmt":"2024-10-03T17:07:08","guid":{"rendered":"https:\/\/sertv.gob.pa\/crisolfm\/?p=65365"},"modified":"2024-10-03T17:07:08","modified_gmt":"2024-10-03T17:07:08","slug":"intensifican-campana-de-seguimiento-de-vacunacion-contra-el-sarampion-en-veraguas","status":"publish","type":"post","link":"https:\/\/sertv.gob.pa\/crisolfm\/intensifican-campana-de-seguimiento-de-vacunacion-contra-el-sarampion-en-veraguas\/","title":{"rendered":"Intensifican \u00abCampa\u00f1a de Seguimiento de Vacunaci\u00f3n contra el Sarampi\u00f3n\u00bb en Veraguas"},"content":{"rendered":"<p><strong>En la provincia de Veraguas, se est\u00e1 desarrollando el seguimiento de la campa\u00f1a de vacunaci\u00f3n contra el Sarampi\u00f3n\/Rub\u00e9ola, dirigida a ni\u00f1os y ni\u00f1as de 1 a 4 a\u00f1os de edad, bajo el lema \u00abMi Amor va m\u00e1s all\u00e1\u00bb. Esta campa\u00f1a busca proteger a los ni\u00f1os menores de 5 a\u00f1os, evitando la reemergencia del s\u00edndrome de Rub\u00e9ola cong\u00e9nita.<\/strong><\/p>\n<p><strong>Gina Alvarado, Jefa Regional de Enfermer\u00eda, destac\u00f3 que, se est\u00e1n realizando los recorridos casa por casa hasta el d\u00eda 31 de octubre, Veraguas a la fecha, ha logrado muy buenos indicadores y con esta jornada, se busca mejorar el objetivo propuesto.<\/strong><\/p>\n<p><strong>El sarampi\u00f3n es prevenible mediante vacunaci\u00f3n, es una enfermedad viral muy contagiosa que afecta sobre todo a los ni\u00f1os y puede causar severos problemas de salud, incluyendo diarrea intensa, infecciones de o\u00eddo, ceguera, neumon\u00eda y encefalitis (inflamaci\u00f3n del cerebro).<\/strong><\/p>\n<p><strong>Xavier Antonio Torres Dom\u00ednguez, Director Regional, realiz\u00f3 un recorrido en la Barriada Piedra del Sol en el distrito de Santiago, en compa\u00f1\u00eda de un equipo de enfermer\u00eda, incentivando a los padres de familia en aplicar las vacunas a sus peque\u00f1os, para prevenir enfermedades y cuidar su vida.<\/strong><\/p>\n<p>&nbsp;<\/p>\n<p>Fuente: MINSA<\/p>\n","protected":false},"excerpt":{"rendered":"<p>En la provincia de Veraguas, se est\u00e1 desarrollando el seguimiento <a href=\"https:\/\/sertv.gob.pa\/crisolfm\/intensifican-campana-de-seguimiento-de-vacunacion-contra-el-sarampion-en-veraguas\/\"> [&#8230;]<\/a><\/p>\n","protected":false},"author":9,"featured_media":65366,"comment_status":"closed","ping_status":"closed","sticky":false,"template":"","format":"standard","meta":{"footnotes":""},"categories":[14],"tags":[],"class_list":["post-65365","post","type-post","status-publish","format-standard","has-post-thumbnail","hentry","category-salud"],"_links":{"self":[{"href":"https:\/\/sertv.gob.pa\/crisolfm\/wp-json\/wp\/v2\/posts\/65365","targetHints":{"allow":["GET"]}}],"collection":[{"href":"https:\/\/sertv.gob.pa\/crisolfm\/wp-json\/wp\/v2\/posts"}],"about":[{"href":"https:\/\/sertv.gob.pa\/crisolfm\/wp-json\/wp\/v2\/types\/post"}],"author":[{"embeddable":true,"href":"https:\/\/sertv.gob.pa\/crisolfm\/wp-json\/wp\/v2\/users\/9"}],"replies":[{"embeddable":true,"href":"https:\/\/sertv.gob.pa\/crisolfm\/wp-json\/wp\/v2\/comments?post=65365"}],"version-history":[{"count":1,"href":"https:\/\/sertv.gob.pa\/crisolfm\/wp-json\/wp\/v2\/posts\/65365\/revisions"}],"predecessor-version":[{"id":65367,"href":"https:\/\/sertv.gob.pa\/crisolfm\/wp-json\/wp\/v2\/posts\/65365\/revisions\/65367"}],"wp:featuredmedia":[{"embeddable":true,"href":"https:\/\/sertv.gob.pa\/crisolfm\/wp-json\/wp\/v2\/media\/65366"}],"wp:attachment":[{"href":"https:\/\/sertv.gob.pa\/crisolfm\/wp-json\/wp\/v2\/media?parent=65365"}],"wp:term":[{"taxonomy":"category","embeddable":true,"href":"https:\/\/sertv.gob.pa\/crisolfm\/wp-json\/wp\/v2\/categories?post=65365"},{"taxonomy":"post_tag","embeddable":true,"href":"https:\/\/sertv.gob.pa\/crisolfm\/wp-json\/wp\/v2\/tags?post=65365"}],"curies":[{"name":"wp","href":"https:\/\/api.w.org\/{rel}","templated":true}]}}