{"id":65410,"date":"2024-10-04T14:02:17","date_gmt":"2024-10-04T14:02:17","guid":{"rendered":"https:\/\/sertv.gob.pa\/crisolfm\/?p=65410"},"modified":"2024-10-04T14:02:17","modified_gmt":"2024-10-04T14:02:17","slug":"panama-augura-al-pueblo-mexicano-un-futuro-prospero","status":"publish","type":"post","link":"https:\/\/sertv.gob.pa\/crisolfm\/panama-augura-al-pueblo-mexicano-un-futuro-prospero\/","title":{"rendered":"Panam\u00e1 augura al pueblo mexicano un futuro pr\u00f3spero"},"content":{"rendered":"<p><strong>En nombre del pueblo y del gobierno paname\u00f1o, el canciller Javier Eduardo Mart\u00ednez- Acha V\u00e1squez, recientement acompa\u00f1\u00f3 a la Excelent\u00edsima Se\u00f1ora Claudia Sheinbaum, en la ceremonia de juramentaci\u00f3n de la primera mujer presidenta de los Estados Unidos Mexicanos.<\/strong><\/p>\n<p><strong>Panam\u00e1, conf\u00eda que su empoderamiento, carisma y profesionalismo, llevar\u00e1n al pueblo mexicano hacia un futuro pr\u00f3spero. Reiteramos nuestro compromiso de fortalecer las relaciones entre Panam\u00e1 y M\u00e9xico para beneficio de ambas naciones.<\/strong><\/p>\n<p>&nbsp;<\/p>\n<p>Fuente: MIRE \/ Canciller\u00eda de Panam\u00e1<\/p>\n","protected":false},"excerpt":{"rendered":"<p>En nombre del pueblo y del gobierno paname\u00f1o, el canciller <a href=\"https:\/\/sertv.gob.pa\/crisolfm\/panama-augura-al-pueblo-mexicano-un-futuro-prospero\/\"> [&#8230;]<\/a><\/p>\n","protected":false},"author":9,"featured_media":65411,"comment_status":"closed","ping_status":"closed","sticky":false,"template":"","format":"standard","meta":{"footnotes":""},"categories":[12],"tags":[],"class_list":["post-65410","post","type-post","status-publish","format-standard","has-post-thumbnail","hentry","category-nacionales"],"_links":{"self":[{"href":"https:\/\/sertv.gob.pa\/crisolfm\/wp-json\/wp\/v2\/posts\/65410","targetHints":{"allow":["GET"]}}],"collection":[{"href":"https:\/\/sertv.gob.pa\/crisolfm\/wp-json\/wp\/v2\/posts"}],"about":[{"href":"https:\/\/sertv.gob.pa\/crisolfm\/wp-json\/wp\/v2\/types\/post"}],"author":[{"embeddable":true,"href":"https:\/\/sertv.gob.pa\/crisolfm\/wp-json\/wp\/v2\/users\/9"}],"replies":[{"embeddable":true,"href":"https:\/\/sertv.gob.pa\/crisolfm\/wp-json\/wp\/v2\/comments?post=65410"}],"version-history":[{"count":1,"href":"https:\/\/sertv.gob.pa\/crisolfm\/wp-json\/wp\/v2\/posts\/65410\/revisions"}],"predecessor-version":[{"id":65412,"href":"https:\/\/sertv.gob.pa\/crisolfm\/wp-json\/wp\/v2\/posts\/65410\/revisions\/65412"}],"wp:featuredmedia":[{"embeddable":true,"href":"https:\/\/sertv.gob.pa\/crisolfm\/wp-json\/wp\/v2\/media\/65411"}],"wp:attachment":[{"href":"https:\/\/sertv.gob.pa\/crisolfm\/wp-json\/wp\/v2\/media?parent=65410"}],"wp:term":[{"taxonomy":"category","embeddable":true,"href":"https:\/\/sertv.gob.pa\/crisolfm\/wp-json\/wp\/v2\/categories?post=65410"},{"taxonomy":"post_tag","embeddable":true,"href":"https:\/\/sertv.gob.pa\/crisolfm\/wp-json\/wp\/v2\/tags?post=65410"}],"curies":[{"name":"wp","href":"https:\/\/api.w.org\/{rel}","templated":true}]}}