{"id":65446,"date":"2024-10-04T18:14:18","date_gmt":"2024-10-04T18:14:18","guid":{"rendered":"https:\/\/sertv.gob.pa\/crisolfm\/?p=65446"},"modified":"2024-10-04T18:14:18","modified_gmt":"2024-10-04T18:14:18","slug":"el-6-de-la-poblacion-de-gaza-ha-muerto-o-ha-resultado-herida-en-bombardeos-de-israel","status":"publish","type":"post","link":"https:\/\/sertv.gob.pa\/crisolfm\/el-6-de-la-poblacion-de-gaza-ha-muerto-o-ha-resultado-herida-en-bombardeos-de-israel\/","title":{"rendered":"El 6 % de la poblaci\u00f3n de Gaza ha muerto o ha resultado herida en bombardeos de Israel"},"content":{"rendered":"<p><em><strong>Ginebra (EFE).-<\/strong> <\/em>El 6 por ciento de la poblaci\u00f3n de Gaza ha muerto o ha resultado herida en un a\u00f1o de bombardeos de Israel contra este territorio palestino, seg\u00fan el balance dado a conocer hoy por la Organizaci\u00f3n Mundial de la Salud (OMS) sobre el coste humano de la guerra.<\/p>\n<p>Cerca de 41.800 personas han perecido, mientras que los heridos -muchos de ellos con lesiones discapacitantes de por vida- son cerca de 97.000, indic\u00f3 el jefe de emergencias de la OMS para los territorios palestinos ocupados, Ayadil Saparbekov.<\/p>\n<p>A estas cifras habr\u00eda que sumar los 10.000 desaparecidos que se cree est\u00e1n bajo los escombros de las miles de viviendas destruidas.<\/p>\n","protected":false},"excerpt":{"rendered":"<p>Ginebra (EFE).- El 6 por ciento de la poblaci\u00f3n de <a href=\"https:\/\/sertv.gob.pa\/crisolfm\/el-6-de-la-poblacion-de-gaza-ha-muerto-o-ha-resultado-herida-en-bombardeos-de-israel\/\"> [&#8230;]<\/a><\/p>\n","protected":false},"author":9,"featured_media":65447,"comment_status":"closed","ping_status":"closed","sticky":false,"template":"","format":"standard","meta":{"footnotes":""},"categories":[13],"tags":[],"class_list":["post-65446","post","type-post","status-publish","format-standard","has-post-thumbnail","hentry","category-internacionales"],"_links":{"self":[{"href":"https:\/\/sertv.gob.pa\/crisolfm\/wp-json\/wp\/v2\/posts\/65446","targetHints":{"allow":["GET"]}}],"collection":[{"href":"https:\/\/sertv.gob.pa\/crisolfm\/wp-json\/wp\/v2\/posts"}],"about":[{"href":"https:\/\/sertv.gob.pa\/crisolfm\/wp-json\/wp\/v2\/types\/post"}],"author":[{"embeddable":true,"href":"https:\/\/sertv.gob.pa\/crisolfm\/wp-json\/wp\/v2\/users\/9"}],"replies":[{"embeddable":true,"href":"https:\/\/sertv.gob.pa\/crisolfm\/wp-json\/wp\/v2\/comments?post=65446"}],"version-history":[{"count":1,"href":"https:\/\/sertv.gob.pa\/crisolfm\/wp-json\/wp\/v2\/posts\/65446\/revisions"}],"predecessor-version":[{"id":65448,"href":"https:\/\/sertv.gob.pa\/crisolfm\/wp-json\/wp\/v2\/posts\/65446\/revisions\/65448"}],"wp:featuredmedia":[{"embeddable":true,"href":"https:\/\/sertv.gob.pa\/crisolfm\/wp-json\/wp\/v2\/media\/65447"}],"wp:attachment":[{"href":"https:\/\/sertv.gob.pa\/crisolfm\/wp-json\/wp\/v2\/media?parent=65446"}],"wp:term":[{"taxonomy":"category","embeddable":true,"href":"https:\/\/sertv.gob.pa\/crisolfm\/wp-json\/wp\/v2\/categories?post=65446"},{"taxonomy":"post_tag","embeddable":true,"href":"https:\/\/sertv.gob.pa\/crisolfm\/wp-json\/wp\/v2\/tags?post=65446"}],"curies":[{"name":"wp","href":"https:\/\/api.w.org\/{rel}","templated":true}]}}