{"id":6546,"date":"2016-10-25T18:45:51","date_gmt":"2016-10-25T18:45:51","guid":{"rendered":""},"modified":"2016-10-25T18:45:51","modified_gmt":"2016-10-25T18:45:51","slug":"onu-ve-dificultades-en-uso-de-fondos-para-frenar-deforestacion","status":"publish","type":"post","link":"https:\/\/sertv.gob.pa\/crisolfm\/onu-ve-dificultades-en-uso-de-fondos-para-frenar-deforestacion\/","title":{"rendered":"ONU ve dificultades en uso de fondos para frenar deforestaci\u00f3n"},"content":{"rendered":"<p>\nLos pa\u00edses tienen a su disposici\u00f3n fondos de lucha contra el cambio clim\u00e1tico que podr\u00edan servir para combatir la deforestaci\u00f3n, si bien existen a\u00fan grandes dificultades para utilizarlos de manera efectiva, expresaron en Roma varios expertos. <\/p>\n<p>Hasta el momento solo quince pa\u00edses (entre ellos Brasil, Chile, Colombia, Costa Rica, Ecuador, M\u00e9xico, Paraguay y Per\u00fa) han presentado propuestas con los llamados niveles de referencia de emisiones y capturas de gases de efecto invernadero en el sector forestal. <\/p>\n<p>Panam\u00e1 propuso convertirse en Centro de Carbono. <\/p>\n<p>Esos documentos, que deben ser sometidos a la evaluaci\u00f3n de un comit\u00e9 t\u00e9cnico, permiten medir los esfuerzos de un pa\u00eds en desarrollar actividades de la iniciativa de la ONU para detener la deforestaci\u00f3n y mitigar los efectos del cambio clim\u00e1tico (REDD+). <\/p>\n<p>Ese programa tiene por objetivo disminuir las emisiones de la deforestaci\u00f3n y degradaci\u00f3n de los bosques, adem\u00e1s de conservar los bosques, gestionarlos de forma sostenible y aumentar las reservas forestales de carbono. <\/p>\n<p>La experta de la ONU en REDD+ Marieke Sandker explic\u00f3 \u00a0en una charla que, excepto Malasia, los otros catorce pa\u00edses que han presentado propuestas incluyen medidas para frenar la deforestaci\u00f3n, sobre todo porque resulta &lsquo;f\u00e1cil medirlas&#8217;. <\/p>\n<p>No obstante, detall\u00f3 que existen importantes divergencias en la forma en que esos Estados est\u00e1n usando escalas nacionales o de menor alcance, est\u00e1n ajustando sus series hist\u00f3ricas o est\u00e1n midiendo periodos concretos para comparar a partir de ellos los avances que puedan lograr. <\/p>\n<p>La experta record\u00f3 que los posibles resultados que obtengan esos pa\u00edses les pueden ayudar en el acceso a los fondos internacionales destinados a combatir el cambio clim\u00e1tico. <\/p>\n<p>\u00a0 <\/p>\n","protected":false},"excerpt":{"rendered":"<p>Los pa\u00edses tienen a su disposici\u00f3n fondos de lucha contra <a href=\"https:\/\/sertv.gob.pa\/crisolfm\/onu-ve-dificultades-en-uso-de-fondos-para-frenar-deforestacion\/\"> [&#8230;]<\/a><\/p>\n","protected":false},"author":1,"featured_media":6547,"comment_status":"closed","ping_status":"closed","sticky":false,"template":"","format":"standard","meta":{"footnotes":""},"categories":[7],"tags":[],"class_list":["post-6546","post","type-post","status-publish","format-standard","has-post-thumbnail","hentry","category-ecologicas"],"_links":{"self":[{"href":"https:\/\/sertv.gob.pa\/crisolfm\/wp-json\/wp\/v2\/posts\/6546","targetHints":{"allow":["GET"]}}],"collection":[{"href":"https:\/\/sertv.gob.pa\/crisolfm\/wp-json\/wp\/v2\/posts"}],"about":[{"href":"https:\/\/sertv.gob.pa\/crisolfm\/wp-json\/wp\/v2\/types\/post"}],"author":[{"embeddable":true,"href":"https:\/\/sertv.gob.pa\/crisolfm\/wp-json\/wp\/v2\/users\/1"}],"replies":[{"embeddable":true,"href":"https:\/\/sertv.gob.pa\/crisolfm\/wp-json\/wp\/v2\/comments?post=6546"}],"version-history":[{"count":0,"href":"https:\/\/sertv.gob.pa\/crisolfm\/wp-json\/wp\/v2\/posts\/6546\/revisions"}],"wp:featuredmedia":[{"embeddable":true,"href":"https:\/\/sertv.gob.pa\/crisolfm\/wp-json\/wp\/v2\/media\/6547"}],"wp:attachment":[{"href":"https:\/\/sertv.gob.pa\/crisolfm\/wp-json\/wp\/v2\/media?parent=6546"}],"wp:term":[{"taxonomy":"category","embeddable":true,"href":"https:\/\/sertv.gob.pa\/crisolfm\/wp-json\/wp\/v2\/categories?post=6546"},{"taxonomy":"post_tag","embeddable":true,"href":"https:\/\/sertv.gob.pa\/crisolfm\/wp-json\/wp\/v2\/tags?post=6546"}],"curies":[{"name":"wp","href":"https:\/\/api.w.org\/{rel}","templated":true}]}}