{"id":6548,"date":"2016-10-25T19:19:54","date_gmt":"2016-10-25T19:19:54","guid":{"rendered":""},"modified":"2016-10-25T19:19:54","modified_gmt":"2016-10-25T19:19:54","slug":"en-corredor-biologico-de-colon-estudiaran-la-vida-silvestre","status":"publish","type":"post","link":"https:\/\/sertv.gob.pa\/crisolfm\/en-corredor-biologico-de-colon-estudiaran-la-vida-silvestre\/","title":{"rendered":"En corredor biol\u00f3gico de Col\u00f3n estudiar\u00e1n la vida silvestre"},"content":{"rendered":"<p>\nLa situaci\u00f3n del jaguar y el uso que da esta y otras especies a los corredores biol\u00f3gicos de Panam\u00e1 ser\u00e1 evaluada a profundidad durante un estudio que se realizar\u00e1 a partir de enero de 2017, por todo el a\u00f1o. <\/p>\n<p>El plan es observar la presencia y comportamiento de los animales a lo largo de un a\u00f1o en el denominado  Corredor del Jaguar de Col\u00f3n , que comunica las \u00e1reas del  Parque Nacional Chagres  y  Parque Nacional Portobelo  con el  Parque Nacional Soberan\u00eda  y el \u00e1rea de Gat\u00fan, explica Rafael Samudio, director de la  Sociedad Mastozool\u00f3gica de Panam\u00e1  (  Somaspa ), entidad especializada en el estudio de mam\u00edferos. <\/p>\n<p>Para recabar informaci\u00f3n en el campo, detalla Samudio, instalar\u00e1n entre 80 y 100 c\u00e1maras desde Santa Rita hasta Sierra Llorona, en Col\u00f3n, zonas que ser\u00edan las entradas y salidas del  Corredor del Jaguar , ubicado en \u00e1reas privadas, fuera de la protecci\u00f3n de las reservas. <\/p>\n<p>&ldquo;Determinaci\u00f3n de par\u00e1metros ecol\u00f3gicos del jaguar (panthera onca): Un medio para evaluar la ocupaci\u00f3n de un corredor biol\u00f3gico por mam\u00edferos&rdquo;, es el nombre de la investigaci\u00f3n que ser\u00e1 ejecutada por cinco cient\u00edficos y financiada por la Secretar\u00eda Nacional de Ciencia, Tecnolog\u00eda e Innovaci\u00f3n. <\/p>\n<p>Nunca se ha hecho un estudio que mida el valor y el uso que dan las especies a los corredores biol\u00f3gicos, sobre todo cuando se hallan en terrenos ajenos a los parques nacionales, destaca Samudio. <\/p>\n<p>La expectativa es demostrar la importancia de los corredores biol\u00f3gicos del pa\u00eds, que a su vez forman parte del  Corredor Biol\u00f3gico Mesoamericano  (Centroam\u00e9rica) y el  Corredor del Jaguar  (desde M\u00e9xico hasta Argentina). <\/p>\n<p>Igualmente esperan registrar la presencia de especies felinas como puma, tigrillo, manigordo y el yaguarund\u00ed o tigrillo congo, adem\u00e1s del jaguar y las especies que son presas de los felinos. <\/p>\n<p>\u00a0 <\/p>\n","protected":false},"excerpt":{"rendered":"<p>La situaci\u00f3n del jaguar y el uso que da esta <a href=\"https:\/\/sertv.gob.pa\/crisolfm\/en-corredor-biologico-de-colon-estudiaran-la-vida-silvestre\/\"> [&#8230;]<\/a><\/p>\n","protected":false},"author":1,"featured_media":6549,"comment_status":"closed","ping_status":"closed","sticky":false,"template":"","format":"standard","meta":{"footnotes":""},"categories":[7],"tags":[],"class_list":["post-6548","post","type-post","status-publish","format-standard","has-post-thumbnail","hentry","category-ecologicas"],"_links":{"self":[{"href":"https:\/\/sertv.gob.pa\/crisolfm\/wp-json\/wp\/v2\/posts\/6548","targetHints":{"allow":["GET"]}}],"collection":[{"href":"https:\/\/sertv.gob.pa\/crisolfm\/wp-json\/wp\/v2\/posts"}],"about":[{"href":"https:\/\/sertv.gob.pa\/crisolfm\/wp-json\/wp\/v2\/types\/post"}],"author":[{"embeddable":true,"href":"https:\/\/sertv.gob.pa\/crisolfm\/wp-json\/wp\/v2\/users\/1"}],"replies":[{"embeddable":true,"href":"https:\/\/sertv.gob.pa\/crisolfm\/wp-json\/wp\/v2\/comments?post=6548"}],"version-history":[{"count":0,"href":"https:\/\/sertv.gob.pa\/crisolfm\/wp-json\/wp\/v2\/posts\/6548\/revisions"}],"wp:featuredmedia":[{"embeddable":true,"href":"https:\/\/sertv.gob.pa\/crisolfm\/wp-json\/wp\/v2\/media\/6549"}],"wp:attachment":[{"href":"https:\/\/sertv.gob.pa\/crisolfm\/wp-json\/wp\/v2\/media?parent=6548"}],"wp:term":[{"taxonomy":"category","embeddable":true,"href":"https:\/\/sertv.gob.pa\/crisolfm\/wp-json\/wp\/v2\/categories?post=6548"},{"taxonomy":"post_tag","embeddable":true,"href":"https:\/\/sertv.gob.pa\/crisolfm\/wp-json\/wp\/v2\/tags?post=6548"}],"curies":[{"name":"wp","href":"https:\/\/api.w.org\/{rel}","templated":true}]}}