{"id":65483,"date":"2024-10-07T15:59:01","date_gmt":"2024-10-07T15:59:01","guid":{"rendered":"https:\/\/sertv.gob.pa\/crisolfm\/?p=65483"},"modified":"2024-10-07T15:59:01","modified_gmt":"2024-10-07T15:59:01","slug":"san-miguelito-promueve-escuelas-promotoras-de-salud","status":"publish","type":"post","link":"https:\/\/sertv.gob.pa\/crisolfm\/san-miguelito-promueve-escuelas-promotoras-de-salud\/","title":{"rendered":"San Miguelito promueve escuelas promotoras de salud"},"content":{"rendered":"<div class=\"fusion-fullwidth fullwidth-box fusion-builder-row-1 fusion-flex-container has-pattern-background has-mask-background nonhundred-percent-fullwidth non-hundred-percent-height-scrolling\" style=\"--awb-border-radius-top-left:0px;--awb-border-radius-top-right:0px;--awb-border-radius-bottom-right:0px;--awb-border-radius-bottom-left:0px;--awb-flex-wrap:wrap;\" ><div class=\"fusion-builder-row fusion-row fusion-flex-align-items-flex-start fusion-flex-content-wrap\" style=\"max-width:1144px;margin-left: calc(-4% \/ 2 );margin-right: calc(-4% \/ 2 );\"><div class=\"fusion-layout-column fusion_builder_column fusion-builder-column-0 fusion_builder_column_1_1 1_1 fusion-flex-column\" style=\"--awb-bg-size:cover;--awb-width-large:100%;--awb-margin-top-large:0px;--awb-spacing-right-large:1.92%;--awb-margin-bottom-large:20px;--awb-spacing-left-large:1.92%;--awb-width-medium:100%;--awb-order-medium:0;--awb-spacing-right-medium:1.92%;--awb-spacing-left-medium:1.92%;--awb-width-small:100%;--awb-order-small:0;--awb-spacing-right-small:1.92%;--awb-spacing-left-small:1.92%;\"><div class=\"fusion-column-wrapper fusion-column-has-shadow fusion-flex-justify-content-flex-start fusion-content-layout-column\"><div class=\"fusion-text fusion-text-1\"><p><strong>Panam\u00e1,\u00a0<\/strong><\/p>\n<p><strong>La regi\u00f3n de salud de San Miguelito, certific\u00f3 al centro educativo b\u00e1sico general biling\u00fce Rep\u00fablica de Francia como escuela promotora de salud, por tener un entorno interno y externo saludable.<\/strong><\/p>\n<p><strong>Esta tiene como objetivo, promover el desarrollo humano y social de la comunidad educativa adem\u00e1s de complementar y potencializar la responsabilidades de los diferentes actores de la sociedad civil.<\/strong><\/p>\n<p><strong>Las escuelas promotoras de salud certificada, Es el escenario propicio para la promoci\u00f3n de la salud, llevar capacitaciones a todos los docentes y estudiantes, padres de familia, sobre estilos de vida saludable, salud bucal, dengue, vacunaci\u00f3n, diabetes, loncheras saludables, entre otros se\u00f1al\u00f3 el director del centro de salud de Cerro Batea, Ricardo Pinz\u00f3n.<\/strong><\/p>\n<p><strong>Esta iniciativa es importante en edades temprana para la ejecuci\u00f3n de pr\u00e1cticas saludables desarrollar h\u00e1bitos y actitudes saludables para impactar en los indicadores.<\/strong><\/p>\n<p><strong>La directora del centro educativo b\u00e1sico general biling\u00fce Rep\u00fablica de Francia, Aura D\u00edaz ,dijo, que es imprescindible capacitar al equipo docente padres de familia y estudiantes en estrategias de promoci\u00f3n de la salud, para elaborar contenidos curriculares que favorezcan la dosificaci\u00f3n con \u00e9nfasis en la promoci\u00f3n de la salud.<\/strong><\/p>\n<p><strong>La familia juega un papel importante en la formaci\u00f3n de los estudiantes, los padres de familia y esto se convierta en agentes multiplicadores de la informaci\u00f3n.<\/strong><\/p>\n<p><strong>Las escuelas saludables es donde se respetan los derechos y desarrollan conocimientos y habilidades para el cuidado de la salud la familia y la comunidad, enfatiz\u00f3 la jefa de Promoci\u00f3n de la Salud, Yaisa Bonilla.<\/strong><\/p>\n<p><strong>Esta Iniciativa se seguir\u00e1 realizando en otras escuelas, para seguir formando escuelas promotoras de salud por el bienestar de los estudiantes, personal docente, administrativos y padres de familia, nuestro compromiso es velar por la salud de la poblaci\u00f3n de este distrito, se\u00f1al\u00f3 la directora regional de salud en San Miguelito, Yaviletsy Centella.<\/strong><\/p>\n<p><strong>En este importante evento, se cont\u00f3 con la presencia del director del Centro de Salud de Cerro Batea Ricardo Pinz\u00f3n, el Teniente Dar\u00edo Cogley, de la Polic\u00eda Nacional en San Miguelito, la Jefa de Promoci\u00f3n de la Salud, Yaisa Bonilla, la directora de la escuela Rep\u00fablica de Francia, Aura D\u00edaz; adem\u00e1s de estudiantes, docentes, padres de familia.<\/strong><\/p>\n<p>Fuente: MINSA<\/p>\n<\/div><div class=\"awb-gallery-wrapper awb-gallery-wrapper-1 button-span-no\" style=\"--more-btn-alignment:center;\"><div style=\"margin:-5px;--awb-bordersize:0px;\" class=\"fusion-gallery fusion-gallery-container fusion-grid-3 fusion-columns-total-1 fusion-gallery-layout-grid fusion-gallery-1\"><div style=\"padding:5px;\" class=\"fusion-grid-column fusion-gallery-column fusion-gallery-column-3 hover-type-none\"><div class=\"fusion-gallery-image\"><a href=\"https:\/\/sertv.gob.pa\/crisolfm\/wp-content\/uploads\/sites\/2\/2024\/10\/CERTIFICACION-MINSA-5.jpeg\" rel=\"noreferrer\" data-rel=\"iLightbox[gallery_image_1]\" class=\"fusion-lightbox\" target=\"_self\"><img decoding=\"async\" src=\"https:\/\/sertv.gob.pa\/crisolfm\/wp-content\/uploads\/sites\/2\/2024\/10\/CERTIFICACION-MINSA-5.jpeg\" width=\"600\" height=\"450\" alt=\"\" title=\"CERTIFICACI\u00d3N MINSA 5\" aria-label=\"CERTIFICACI\u00d3N MINSA 5\" class=\"img-responsive wp-image-65485\" srcset=\"https:\/\/sertv.gob.pa\/crisolfm\/wp-content\/uploads\/sites\/2\/2024\/10\/CERTIFICACION-MINSA-5-200x150.jpeg 200w, https:\/\/sertv.gob.pa\/crisolfm\/wp-content\/uploads\/sites\/2\/2024\/10\/CERTIFICACION-MINSA-5-400x300.jpeg 400w, https:\/\/sertv.gob.pa\/crisolfm\/wp-content\/uploads\/sites\/2\/2024\/10\/CERTIFICACION-MINSA-5.jpeg 600w\" sizes=\"(min-width: 2200px) 100vw, (min-width: 784px) 363px, (min-width: 712px) 545px, (min-width: 640px) 712px, \" \/><\/a><\/div><\/div><\/div><\/div><\/div><\/div><\/div><\/div>\n","protected":false},"excerpt":{"rendered":"","protected":false},"author":9,"featured_media":65484,"comment_status":"closed","ping_status":"closed","sticky":false,"template":"","format":"standard","meta":{"footnotes":""},"categories":[14],"tags":[],"class_list":["post-65483","post","type-post","status-publish","format-standard","has-post-thumbnail","hentry","category-salud"],"_links":{"self":[{"href":"https:\/\/sertv.gob.pa\/crisolfm\/wp-json\/wp\/v2\/posts\/65483","targetHints":{"allow":["GET"]}}],"collection":[{"href":"https:\/\/sertv.gob.pa\/crisolfm\/wp-json\/wp\/v2\/posts"}],"about":[{"href":"https:\/\/sertv.gob.pa\/crisolfm\/wp-json\/wp\/v2\/types\/post"}],"author":[{"embeddable":true,"href":"https:\/\/sertv.gob.pa\/crisolfm\/wp-json\/wp\/v2\/users\/9"}],"replies":[{"embeddable":true,"href":"https:\/\/sertv.gob.pa\/crisolfm\/wp-json\/wp\/v2\/comments?post=65483"}],"version-history":[{"count":1,"href":"https:\/\/sertv.gob.pa\/crisolfm\/wp-json\/wp\/v2\/posts\/65483\/revisions"}],"predecessor-version":[{"id":65486,"href":"https:\/\/sertv.gob.pa\/crisolfm\/wp-json\/wp\/v2\/posts\/65483\/revisions\/65486"}],"wp:featuredmedia":[{"embeddable":true,"href":"https:\/\/sertv.gob.pa\/crisolfm\/wp-json\/wp\/v2\/media\/65484"}],"wp:attachment":[{"href":"https:\/\/sertv.gob.pa\/crisolfm\/wp-json\/wp\/v2\/media?parent=65483"}],"wp:term":[{"taxonomy":"category","embeddable":true,"href":"https:\/\/sertv.gob.pa\/crisolfm\/wp-json\/wp\/v2\/categories?post=65483"},{"taxonomy":"post_tag","embeddable":true,"href":"https:\/\/sertv.gob.pa\/crisolfm\/wp-json\/wp\/v2\/tags?post=65483"}],"curies":[{"name":"wp","href":"https:\/\/api.w.org\/{rel}","templated":true}]}}