{"id":65489,"date":"2024-10-07T17:13:12","date_gmt":"2024-10-07T17:13:12","guid":{"rendered":"https:\/\/sertv.gob.pa\/crisolfm\/?p=65489"},"modified":"2024-10-07T17:13:12","modified_gmt":"2024-10-07T17:13:12","slug":"en-el-policentro-de-juan-diaz-encendido-de-luces-simbolico-refuerza-campana-de-prevencion-del-cancer","status":"publish","type":"post","link":"https:\/\/sertv.gob.pa\/crisolfm\/en-el-policentro-de-juan-diaz-encendido-de-luces-simbolico-refuerza-campana-de-prevencion-del-cancer\/","title":{"rendered":"En el Policentro de Juan D\u00edaz encendido de luces simb\u00f3lico refuerza campa\u00f1a de prevenci\u00f3n del c\u00e1ncer"},"content":{"rendered":"<p><strong>Panam\u00e1,\u00a0<\/strong><\/p>\n<p><strong>Con un encendido simb\u00f3lico de luces rosadas y celestes, el Policentro de Salud de Juan D\u00edaz, refuerza la campa\u00f1a de prevenci\u00f3n del c\u00e1ncer de mama y pr\u00f3stata, adem\u00e1s de la reflexi\u00f3n ante una enfermedad tan agresiva como lo es el c\u00e1ncer.<\/strong><\/p>\n<p><strong>Ricardo Torres Castillo, director regional de la Metropolitana de Salud, en sus palabras reiter\u00f3 la importancia de realizarse sus ex\u00e1menes para la detecci\u00f3n temprana del c\u00e1ncer en hombres y mujeres.<\/strong><\/p>\n<p><strong>Recalc\u00f3 que \u00abpara el Policentro de Juan D\u00edaz, vendr\u00e1n cosas nuevas en materia de salud, reiterando ese compromiso de salvaguardar la salud de toda la poblaci\u00f3n\u00bb.<\/strong><\/p>\n<p><strong>En tanto, Pedro Martez, director m\u00e9dico del Policentro de Juan D\u00edaz, con mucho sentimiento agradeci\u00f3 a todo el personal administrativo, m\u00e9dico y t\u00e9cnico por ese trabajo y dedicaci\u00f3n que ofrecen en las atenciones a los pacientes que acuden diariamente por un beneficio de salud.<\/strong><\/p>\n<p><strong>Mientras que, el honorable representante del corregimiento de Juan D\u00edaz, David Bernal, en sus palabras destac\u00f3 que, m\u00e1s que una campa\u00f1a es el llamado a la reflexi\u00f3n, una enfermedad que aumenta y a la cual se debe prestar atenci\u00f3n.<\/strong><\/p>\n<p><strong>En la actividad, la presentaci\u00f3n art\u00edstica estuvo a cargo del Conjunto t\u00edpico del Colegio Virgen Del Carmen y la joven violinista Dalia \u00c1vila.<\/strong><\/p>\n<p><strong>Del acto como invitados estuvieron autoridades regionales de la Metropolitana de Salud, el HR. Pierre Jason del corregimiento de Don Bosco, directores de centros educativos del corregimiento, autoridades de otras entidades<\/strong><\/p>\n<p>Fuente: MINSA<\/p>\n","protected":false},"excerpt":{"rendered":"<p>Panam\u00e1,\u00a0 Con un encendido simb\u00f3lico de luces rosadas y celestes, <a href=\"https:\/\/sertv.gob.pa\/crisolfm\/en-el-policentro-de-juan-diaz-encendido-de-luces-simbolico-refuerza-campana-de-prevencion-del-cancer\/\"> [&#8230;]<\/a><\/p>\n","protected":false},"author":9,"featured_media":65490,"comment_status":"closed","ping_status":"closed","sticky":false,"template":"","format":"standard","meta":{"footnotes":""},"categories":[14],"tags":[],"class_list":["post-65489","post","type-post","status-publish","format-standard","has-post-thumbnail","hentry","category-salud"],"_links":{"self":[{"href":"https:\/\/sertv.gob.pa\/crisolfm\/wp-json\/wp\/v2\/posts\/65489","targetHints":{"allow":["GET"]}}],"collection":[{"href":"https:\/\/sertv.gob.pa\/crisolfm\/wp-json\/wp\/v2\/posts"}],"about":[{"href":"https:\/\/sertv.gob.pa\/crisolfm\/wp-json\/wp\/v2\/types\/post"}],"author":[{"embeddable":true,"href":"https:\/\/sertv.gob.pa\/crisolfm\/wp-json\/wp\/v2\/users\/9"}],"replies":[{"embeddable":true,"href":"https:\/\/sertv.gob.pa\/crisolfm\/wp-json\/wp\/v2\/comments?post=65489"}],"version-history":[{"count":1,"href":"https:\/\/sertv.gob.pa\/crisolfm\/wp-json\/wp\/v2\/posts\/65489\/revisions"}],"predecessor-version":[{"id":65491,"href":"https:\/\/sertv.gob.pa\/crisolfm\/wp-json\/wp\/v2\/posts\/65489\/revisions\/65491"}],"wp:featuredmedia":[{"embeddable":true,"href":"https:\/\/sertv.gob.pa\/crisolfm\/wp-json\/wp\/v2\/media\/65490"}],"wp:attachment":[{"href":"https:\/\/sertv.gob.pa\/crisolfm\/wp-json\/wp\/v2\/media?parent=65489"}],"wp:term":[{"taxonomy":"category","embeddable":true,"href":"https:\/\/sertv.gob.pa\/crisolfm\/wp-json\/wp\/v2\/categories?post=65489"},{"taxonomy":"post_tag","embeddable":true,"href":"https:\/\/sertv.gob.pa\/crisolfm\/wp-json\/wp\/v2\/tags?post=65489"}],"curies":[{"name":"wp","href":"https:\/\/api.w.org\/{rel}","templated":true}]}}