{"id":6550,"date":"2016-10-26T15:21:26","date_gmt":"2016-10-26T15:21:26","guid":{"rendered":""},"modified":"2016-10-26T15:21:26","modified_gmt":"2016-10-26T15:21:26","slug":"nivel-alarmante-alcanza-concentracion-promedio-global-de-co2","status":"publish","type":"post","link":"https:\/\/sertv.gob.pa\/crisolfm\/nivel-alarmante-alcanza-concentracion-promedio-global-de-co2\/","title":{"rendered":"Nivel alarmante alcanza concentraci\u00f3n promedio global de CO2"},"content":{"rendered":"<p>\nLa concentraci\u00f3n promedio global de di\u00f3xido de carb\u00f3n (CO2) en la atm\u00f3sfera lleg\u00f3 al hito simb\u00f3lico de 400 partes por mill\u00f3n (ppm) por primera vez en 2015 y aument\u00f3 de nuevo a niveles r\u00e9cord en 2016 debido al poderoso evento de El Ni\u00f1o, seg\u00fan informe publicado por la Organizaci\u00f3n Mundial Meteorol\u00f3gica (OMM). <\/p>\n<p>La OMM public\u00f3 su \u00abBolet\u00edn de gases productores del efecto invernadero\u00bb antes de las negociaciones de cambio clim\u00e1tico de las Naciones Unidas en Marrakech, Marruecos, que se efectuar\u00e1n del 7 al 18 de noviembre, y ofrece una base cient\u00edfica para la toma de decisiones. <\/p>\n<p>El informe manifiesta que los niveles de CO2 ya hab\u00edan alcanzado la barrera de 400 ppm durante algunos meses del a\u00f1o y en algunos sitios, aunque nunca antes en una base promedio global para todo el a\u00f1o. <\/p>\n<p>Los sistemas de monitorizaci\u00f3n pronostican que las concentraciones de CO2 permanecer\u00e1n por encima de las 400 ppm durante todo 2016 y no descender\u00e1n de ese nivel en muchas generaciones. El incremento en el crecimiento del CO2 fue alimentado por El Ni\u00f1o que empez\u00f3 en 2015 y tuvo un fuerte impacto en 2016. Esto provoc\u00f3 sequ\u00edas en las regiones tropicales y redujo la capacidad de los \u00abdep\u00f3sitos\u00bb de carbono, como bosques, vegetaci\u00f3n y oc\u00e9anos, para absorber el CO2. <\/p>\n<p>Estos dep\u00f3sitos absorben en la actualidad cerca de la mitad de las emisiones de CO2, pero existe el peligro de que se saturen, lo que incrementar\u00eda la fracci\u00f3n de di\u00f3xido de carbono emitido que permanece en la atm\u00f3sfera. <\/p>\n<p>\u00abEl a\u00f1o 2015 anunci\u00f3 una nueva era de optimismo y acci\u00f3n clim\u00e1tica con el acuerdo de cambio clim\u00e1tico de Par\u00eds. Pero igualmente har\u00e1 historia al marcar una nueva era de realidad de cambio clim\u00e1tico con el nivel r\u00e9cord de concentraciones de gases productores del efecto invernadero\u00bb, dijo el secretario general de la OMM, Petteri Taalas. \u00abEl evento de El Ni\u00f1o ha desaparecido. El cambio clim\u00e1tico no\u00bb. <\/p>\n<p>\u00a0 <\/p>\n","protected":false},"excerpt":{"rendered":"<p>La concentraci\u00f3n promedio global de di\u00f3xido de carb\u00f3n (CO2) en <a href=\"https:\/\/sertv.gob.pa\/crisolfm\/nivel-alarmante-alcanza-concentracion-promedio-global-de-co2\/\"> [&#8230;]<\/a><\/p>\n","protected":false},"author":1,"featured_media":6551,"comment_status":"closed","ping_status":"closed","sticky":false,"template":"","format":"standard","meta":{"footnotes":""},"categories":[7],"tags":[],"class_list":["post-6550","post","type-post","status-publish","format-standard","has-post-thumbnail","hentry","category-ecologicas"],"_links":{"self":[{"href":"https:\/\/sertv.gob.pa\/crisolfm\/wp-json\/wp\/v2\/posts\/6550","targetHints":{"allow":["GET"]}}],"collection":[{"href":"https:\/\/sertv.gob.pa\/crisolfm\/wp-json\/wp\/v2\/posts"}],"about":[{"href":"https:\/\/sertv.gob.pa\/crisolfm\/wp-json\/wp\/v2\/types\/post"}],"author":[{"embeddable":true,"href":"https:\/\/sertv.gob.pa\/crisolfm\/wp-json\/wp\/v2\/users\/1"}],"replies":[{"embeddable":true,"href":"https:\/\/sertv.gob.pa\/crisolfm\/wp-json\/wp\/v2\/comments?post=6550"}],"version-history":[{"count":0,"href":"https:\/\/sertv.gob.pa\/crisolfm\/wp-json\/wp\/v2\/posts\/6550\/revisions"}],"wp:featuredmedia":[{"embeddable":true,"href":"https:\/\/sertv.gob.pa\/crisolfm\/wp-json\/wp\/v2\/media\/6551"}],"wp:attachment":[{"href":"https:\/\/sertv.gob.pa\/crisolfm\/wp-json\/wp\/v2\/media?parent=6550"}],"wp:term":[{"taxonomy":"category","embeddable":true,"href":"https:\/\/sertv.gob.pa\/crisolfm\/wp-json\/wp\/v2\/categories?post=6550"},{"taxonomy":"post_tag","embeddable":true,"href":"https:\/\/sertv.gob.pa\/crisolfm\/wp-json\/wp\/v2\/tags?post=6550"}],"curies":[{"name":"wp","href":"https:\/\/api.w.org\/{rel}","templated":true}]}}