{"id":6552,"date":"2016-10-26T15:25:45","date_gmt":"2016-10-26T15:25:45","guid":{"rendered":""},"modified":"2016-10-26T15:25:45","modified_gmt":"2016-10-26T15:25:45","slug":"centroamerica-es-ayudada-por-alemania-a-detener-destruccion-de-bosques","status":"publish","type":"post","link":"https:\/\/sertv.gob.pa\/crisolfm\/centroamerica-es-ayudada-por-alemania-a-detener-destruccion-de-bosques\/","title":{"rendered":"Centroam\u00e9rica es ayudada por Alemania  a detener destrucci\u00f3n de bosques"},"content":{"rendered":"<p>\nLos  pa\u00edses centroamericanos  y  Rep\u00fablica Dominicana , con el apoyo de  Alemania , buscan detener la acelerada desaparici\u00f3n de sus bosques mediante el pago de servicios forestales, el desarrollo de tecnolog\u00eda que permiten compartir informaci\u00f3n y otras acciones, inform\u00f3 una fuente de la cooperaci\u00f3n alemana. <\/p>\n<p>\u00abLo que hacemos es apoyar los esfuerzos internacionales de mitigar el cambio clim\u00e1tico\u00bb, declar\u00f3 al a  AFP , Laszlo Pancel, un experto de la  Agencia de Cooperaci\u00f3n Alemana al Desarrollo (GIZ) , que coordina el programa de restauraci\u00f3n de bosques. <\/p>\n<p>Entre 2005 y 2010 el \u00e1rea boscosa de  Centroam\u00e9rica \u00a0se redujo en  1 mill\u00f3n 246 mil hect\u00e1reas , seg\u00fan lo consigna un estudio de la  Comisi\u00f3n Centroamericana de Ambiente y Desarrollo (CCAD) . <\/p>\n<p>Con excepci\u00f3n de los esfuerzos de  Costa Rica \u00a0y Rep\u00fablica Dominicana por incrementar sus coberturas forestales, \u00abel proceso de p\u00e9rdida de bosque se mantiene\u00bb, advierte el estudio. <\/p>\n<p>Los Servicios Forestales de los pa\u00edses y bajo la coordinaci\u00f3n de GIZ, elaboraron un banco de datos regional de recursos forestales, adem\u00e1s de una aplicaci\u00f3n en la web bajo el t\u00edtulo de \u00abEspecies\u00bb, la cual almacena las especies arb\u00f3reas del istmo, unas  5 mil 800  desde  Belice \u00a0a  Panam\u00e1 , seg\u00fan un estudio regional. <\/p>\n<p>\u00abLas herramientas (en la web) contribuyen b\u00e1sicamente a la democratizaci\u00f3n de la informaci\u00f3n\u00bb, destac\u00f3 Pancel quien coordina el programa de  Reducci\u00f3n de Emisiones por la Deforestaci\u00f3n y Degradaci\u00f3n de Bosques (REDD) . <\/p>\n<p>Por otra parte, con una inversi\u00f3n de  26 millones de d\u00f3lares , REDD paga a peque\u00f1os propietarios de bosques una compensaci\u00f3n a cambio de que los conserven. <\/p>\n<p>En muchas comunidades, por la situaci\u00f3n de pobreza los campesinos \u00abest\u00e1n alterando los bosques negativamente, no porque ellos los quieran destruir, sino porque simplemente quieren sobrevivir\u00bb, destac\u00f3 Pancel. <\/p>\n<p>Una de las bondades de la restauraci\u00f3n de bosques, adem\u00e1s de conservar mantos acu\u00edferos, es que  genera puestos de trabajo en regiones pobres , explic\u00f3 Pancel. <\/p>\n<p>Centroam\u00e9rica con  533 mil km2  y Rep\u00fablica Dominicana con  48 mil km2  poseen una \u00abalta biodiversidad\u00bb en m\u00e1s de  200 ecosistemas . <\/p>\n<p>\u00a0 <\/p>\n","protected":false},"excerpt":{"rendered":"<p>Los pa\u00edses centroamericanos y Rep\u00fablica Dominicana , con el apoyo <a href=\"https:\/\/sertv.gob.pa\/crisolfm\/centroamerica-es-ayudada-por-alemania-a-detener-destruccion-de-bosques\/\"> [&#8230;]<\/a><\/p>\n","protected":false},"author":1,"featured_media":6553,"comment_status":"closed","ping_status":"closed","sticky":false,"template":"","format":"standard","meta":{"footnotes":""},"categories":[7],"tags":[],"class_list":["post-6552","post","type-post","status-publish","format-standard","has-post-thumbnail","hentry","category-ecologicas"],"_links":{"self":[{"href":"https:\/\/sertv.gob.pa\/crisolfm\/wp-json\/wp\/v2\/posts\/6552","targetHints":{"allow":["GET"]}}],"collection":[{"href":"https:\/\/sertv.gob.pa\/crisolfm\/wp-json\/wp\/v2\/posts"}],"about":[{"href":"https:\/\/sertv.gob.pa\/crisolfm\/wp-json\/wp\/v2\/types\/post"}],"author":[{"embeddable":true,"href":"https:\/\/sertv.gob.pa\/crisolfm\/wp-json\/wp\/v2\/users\/1"}],"replies":[{"embeddable":true,"href":"https:\/\/sertv.gob.pa\/crisolfm\/wp-json\/wp\/v2\/comments?post=6552"}],"version-history":[{"count":0,"href":"https:\/\/sertv.gob.pa\/crisolfm\/wp-json\/wp\/v2\/posts\/6552\/revisions"}],"wp:featuredmedia":[{"embeddable":true,"href":"https:\/\/sertv.gob.pa\/crisolfm\/wp-json\/wp\/v2\/media\/6553"}],"wp:attachment":[{"href":"https:\/\/sertv.gob.pa\/crisolfm\/wp-json\/wp\/v2\/media?parent=6552"}],"wp:term":[{"taxonomy":"category","embeddable":true,"href":"https:\/\/sertv.gob.pa\/crisolfm\/wp-json\/wp\/v2\/categories?post=6552"},{"taxonomy":"post_tag","embeddable":true,"href":"https:\/\/sertv.gob.pa\/crisolfm\/wp-json\/wp\/v2\/tags?post=6552"}],"curies":[{"name":"wp","href":"https:\/\/api.w.org\/{rel}","templated":true}]}}