{"id":65543,"date":"2024-10-08T15:27:48","date_gmt":"2024-10-08T15:27:48","guid":{"rendered":"https:\/\/sertv.gob.pa\/crisolfm\/?p=65543"},"modified":"2024-10-08T15:27:48","modified_gmt":"2024-10-08T15:27:48","slug":"san-miguelito-participa-en-la-caminata-del-dia-mundial-de-la-salud-mental","status":"publish","type":"post","link":"https:\/\/sertv.gob.pa\/crisolfm\/san-miguelito-participa-en-la-caminata-del-dia-mundial-de-la-salud-mental\/","title":{"rendered":"San Miguelito participa en la caminata del \u00abD\u00eda Mundial de la Salud Mental\u00bb"},"content":{"rendered":"<div class=\"fusion-fullwidth fullwidth-box fusion-builder-row-1 fusion-flex-container has-pattern-background has-mask-background nonhundred-percent-fullwidth non-hundred-percent-height-scrolling\" style=\"--awb-border-radius-top-left:0px;--awb-border-radius-top-right:0px;--awb-border-radius-bottom-right:0px;--awb-border-radius-bottom-left:0px;--awb-flex-wrap:wrap;\" ><div class=\"fusion-builder-row fusion-row fusion-flex-align-items-flex-start fusion-flex-content-wrap\" style=\"max-width:1144px;margin-left: calc(-4% \/ 2 );margin-right: calc(-4% \/ 2 );\"><div class=\"fusion-layout-column fusion_builder_column fusion-builder-column-0 fusion_builder_column_1_1 1_1 fusion-flex-column\" style=\"--awb-bg-size:cover;--awb-width-large:100%;--awb-margin-top-large:0px;--awb-spacing-right-large:1.92%;--awb-margin-bottom-large:20px;--awb-spacing-left-large:1.92%;--awb-width-medium:100%;--awb-order-medium:0;--awb-spacing-right-medium:1.92%;--awb-spacing-left-medium:1.92%;--awb-width-small:100%;--awb-order-small:0;--awb-spacing-right-small:1.92%;--awb-spacing-left-small:1.92%;\"><div class=\"fusion-column-wrapper fusion-column-has-shadow fusion-flex-justify-content-flex-start fusion-content-layout-column\"><div class=\"fusion-text fusion-text-1\"><p><strong>La regi\u00f3n de salud de San Miguelito, con la participaci\u00f3n de la directora regional de Salud, Yaviletsy Centella, colaboradores del nivel regional y local,\u00a0 participaron de la caminata, que este a\u00f1o tiene como lema \u00bb Es tiempo de priorizar la salud mental en el lugar de trabajo\u00bb, en el marco de la conmemoraci\u00f3n del \u00abD\u00eda Mundial de la Salud Mental\u00bb, a celebrarse el 10 de octubre del 2024.<\/strong><\/p>\n<p><strong>Los problemas de salud mental, tienen un impacto directo en los lugares de trabajo al aumentar el ausentismo, reducir la productividad, es por ello, que se debe buscar atenci\u00f3n m\u00e9dica a tiempo.<\/strong><\/p>\n<p><strong>El estigma y la falta de concienciaci\u00f3n sobre la salud mental, persisten como barreras para abordar la salud mental en el lugar que trabajo.<\/strong><\/p>\n<p><strong>El individuo, debe aseg\u00farese de cuidar su propia salud mental, tome las siguientes medidas para apoyar su propio bienestar y aprender t\u00e9cnicas para controlar el estr\u00e9s y sea consciente de los cambios en su salud mental.<\/strong><\/p>\n<p><strong>Busque apoyo de un amigo de confianza un familiar un supervisor o un profesional de la salud.<\/strong><\/p>\n<p><strong>Es por ello, que los entornos de trabajo seguros y saludables pueden actuar como un factor protector para la salud mental.<\/strong><\/p>\n<p><strong>Centella, recomend\u00f3 a las personas con alg\u00fan s\u00edntoma como: depresi\u00f3n o trastorno de salud mental, acudir a los centros de salud, ya que contamos con profesionales en esta rama que le pueden ayudar.<\/strong><\/p>\n<p><strong>Esta caminata se realiz\u00f3 en el Parque Omar.<\/strong><\/p>\n<p>Fuente: MINSA<\/p>\n<\/div><div class=\"awb-gallery-wrapper awb-gallery-wrapper-1 button-span-no\" style=\"--more-btn-alignment:center;\"><div style=\"margin:-5px;--awb-bordersize:0px;\" class=\"fusion-gallery fusion-gallery-container fusion-grid-3 fusion-columns-total-2 fusion-gallery-layout-grid fusion-gallery-1\"><div style=\"padding:5px;\" class=\"fusion-grid-column fusion-gallery-column fusion-gallery-column-3 hover-type-none\"><div class=\"fusion-gallery-image\"><a href=\"https:\/\/sertv.gob.pa\/crisolfm\/wp-content\/uploads\/sites\/2\/2024\/10\/CAMINATA-SALUD-MENTAL-2.jpeg\" rel=\"noreferrer\" data-rel=\"iLightbox[gallery_image_1]\" class=\"fusion-lightbox\" target=\"_self\"><img decoding=\"async\" src=\"https:\/\/sertv.gob.pa\/crisolfm\/wp-content\/uploads\/sites\/2\/2024\/10\/CAMINATA-SALUD-MENTAL-2.jpeg\" width=\"600\" height=\"450\" alt=\"\" title=\"CAMINATA SALUD MENTAL 2\" aria-label=\"CAMINATA SALUD MENTAL 2\" class=\"img-responsive wp-image-65545\" srcset=\"https:\/\/sertv.gob.pa\/crisolfm\/wp-content\/uploads\/sites\/2\/2024\/10\/CAMINATA-SALUD-MENTAL-2-200x150.jpeg 200w, https:\/\/sertv.gob.pa\/crisolfm\/wp-content\/uploads\/sites\/2\/2024\/10\/CAMINATA-SALUD-MENTAL-2-400x300.jpeg 400w, https:\/\/sertv.gob.pa\/crisolfm\/wp-content\/uploads\/sites\/2\/2024\/10\/CAMINATA-SALUD-MENTAL-2.jpeg 600w\" sizes=\"(min-width: 2200px) 100vw, (min-width: 784px) 363px, (min-width: 712px) 545px, (min-width: 640px) 712px, \" \/><\/a><\/div><\/div><div style=\"padding:5px;\" class=\"fusion-grid-column fusion-gallery-column fusion-gallery-column-3 hover-type-none\"><div class=\"fusion-gallery-image\"><a href=\"https:\/\/sertv.gob.pa\/crisolfm\/wp-content\/uploads\/sites\/2\/2024\/10\/CAMINATA-SALUD-MENTAL-3.jpeg\" rel=\"noreferrer\" data-rel=\"iLightbox[gallery_image_1]\" class=\"fusion-lightbox\" target=\"_self\"><img decoding=\"async\" src=\"https:\/\/sertv.gob.pa\/crisolfm\/wp-content\/uploads\/sites\/2\/2024\/10\/CAMINATA-SALUD-MENTAL-3.jpeg\" width=\"600\" height=\"450\" alt=\"\" title=\"CAMINATA SALUD MENTAL 3\" aria-label=\"CAMINATA SALUD MENTAL 3\" class=\"img-responsive wp-image-65546\" srcset=\"https:\/\/sertv.gob.pa\/crisolfm\/wp-content\/uploads\/sites\/2\/2024\/10\/CAMINATA-SALUD-MENTAL-3-200x150.jpeg 200w, https:\/\/sertv.gob.pa\/crisolfm\/wp-content\/uploads\/sites\/2\/2024\/10\/CAMINATA-SALUD-MENTAL-3-400x300.jpeg 400w, https:\/\/sertv.gob.pa\/crisolfm\/wp-content\/uploads\/sites\/2\/2024\/10\/CAMINATA-SALUD-MENTAL-3.jpeg 600w\" sizes=\"(min-width: 2200px) 100vw, (min-width: 784px) 363px, (min-width: 712px) 545px, (min-width: 640px) 712px, \" \/><\/a><\/div><\/div><\/div><\/div><\/div><\/div><\/div><\/div>\n","protected":false},"excerpt":{"rendered":"","protected":false},"author":9,"featured_media":65544,"comment_status":"closed","ping_status":"closed","sticky":false,"template":"","format":"standard","meta":{"footnotes":""},"categories":[14],"tags":[],"class_list":["post-65543","post","type-post","status-publish","format-standard","has-post-thumbnail","hentry","category-salud"],"_links":{"self":[{"href":"https:\/\/sertv.gob.pa\/crisolfm\/wp-json\/wp\/v2\/posts\/65543","targetHints":{"allow":["GET"]}}],"collection":[{"href":"https:\/\/sertv.gob.pa\/crisolfm\/wp-json\/wp\/v2\/posts"}],"about":[{"href":"https:\/\/sertv.gob.pa\/crisolfm\/wp-json\/wp\/v2\/types\/post"}],"author":[{"embeddable":true,"href":"https:\/\/sertv.gob.pa\/crisolfm\/wp-json\/wp\/v2\/users\/9"}],"replies":[{"embeddable":true,"href":"https:\/\/sertv.gob.pa\/crisolfm\/wp-json\/wp\/v2\/comments?post=65543"}],"version-history":[{"count":1,"href":"https:\/\/sertv.gob.pa\/crisolfm\/wp-json\/wp\/v2\/posts\/65543\/revisions"}],"predecessor-version":[{"id":65547,"href":"https:\/\/sertv.gob.pa\/crisolfm\/wp-json\/wp\/v2\/posts\/65543\/revisions\/65547"}],"wp:featuredmedia":[{"embeddable":true,"href":"https:\/\/sertv.gob.pa\/crisolfm\/wp-json\/wp\/v2\/media\/65544"}],"wp:attachment":[{"href":"https:\/\/sertv.gob.pa\/crisolfm\/wp-json\/wp\/v2\/media?parent=65543"}],"wp:term":[{"taxonomy":"category","embeddable":true,"href":"https:\/\/sertv.gob.pa\/crisolfm\/wp-json\/wp\/v2\/categories?post=65543"},{"taxonomy":"post_tag","embeddable":true,"href":"https:\/\/sertv.gob.pa\/crisolfm\/wp-json\/wp\/v2\/tags?post=65543"}],"curies":[{"name":"wp","href":"https:\/\/api.w.org\/{rel}","templated":true}]}}