{"id":6558,"date":"2016-10-26T19:00:11","date_gmt":"2016-10-26T19:00:11","guid":{"rendered":""},"modified":"2016-10-26T19:00:11","modified_gmt":"2016-10-26T19:00:11","slug":"buscan-frenar-bromas-con-el-negro-de-whatsapp","status":"publish","type":"post","link":"https:\/\/sertv.gob.pa\/crisolfm\/buscan-frenar-bromas-con-el-negro-de-whatsapp\/","title":{"rendered":"Buscan frenar bromas con el \u00abNegro de WhatsApp\u00bb"},"content":{"rendered":"<p>\nLas bromas con el \u00abNegro de WhatsApp\u00bb podr\u00edan llegar a su fin, de forma que la empresa ha empezado a bloquear las aplicaciones de terceros como MagiApp, Photo Fake o Imagiapp que permiten generar montajes en los que la foto enviada no se corresponde con la imagen original, informa  ABC de Espa\u00f1a . <\/p>\n<p>En su edici\u00f3n digital el medio espa\u00f1ol destaca que se ha convertido en una pr\u00e1ctica com\u00fan que la foto que se env\u00eda en la ventana de chat parezca una foto normal, pero que al pinchar sobre ella para agrandarla, se transforma en una distinta. <\/p>\n<p>Para evitar este tipo de im\u00e1genes ocultas, WhatsApp se reservar\u00e1 el \u00faltimo paso en la edici\u00f3n de las fotos. <\/p>\n<p>Una de las bromas m\u00e1s populares en la actualidad es la del famoso \u00abNegro de WhatsApp\u00bb, sin embargo, para algunos esto se convierte en una falta de respeto, por eso la compa\u00f1\u00eda pretende editar las im\u00e1genes. <\/p>\n<p>WhatsApp no ha sido del todo \u00abmalo\u00bb con los usuarios, pues s\u00ed se podr\u00e1 seguir usando otro truco, el de redimensionar y realizar una composici\u00f3n vertical y de mayor altura de una fotograf\u00eda que contiene un montaje de fotos y que, tras hacer un preciso recorte que sirve de miniatura en la previsualizaci\u00f3n, se env\u00eda al resto de contactos para hacerles una broma.\u00a0 <\/p>\n<p>\u00a0 <\/p>\n","protected":false},"excerpt":{"rendered":"<p>Las bromas con el \u00abNegro de WhatsApp\u00bb podr\u00edan llegar a <a href=\"https:\/\/sertv.gob.pa\/crisolfm\/buscan-frenar-bromas-con-el-negro-de-whatsapp\/\"> [&#8230;]<\/a><\/p>\n","protected":false},"author":1,"featured_media":6559,"comment_status":"closed","ping_status":"closed","sticky":false,"template":"","format":"standard","meta":{"footnotes":""},"categories":[9],"tags":[],"class_list":["post-6558","post","type-post","status-publish","format-standard","has-post-thumbnail","hentry","category-varios"],"_links":{"self":[{"href":"https:\/\/sertv.gob.pa\/crisolfm\/wp-json\/wp\/v2\/posts\/6558","targetHints":{"allow":["GET"]}}],"collection":[{"href":"https:\/\/sertv.gob.pa\/crisolfm\/wp-json\/wp\/v2\/posts"}],"about":[{"href":"https:\/\/sertv.gob.pa\/crisolfm\/wp-json\/wp\/v2\/types\/post"}],"author":[{"embeddable":true,"href":"https:\/\/sertv.gob.pa\/crisolfm\/wp-json\/wp\/v2\/users\/1"}],"replies":[{"embeddable":true,"href":"https:\/\/sertv.gob.pa\/crisolfm\/wp-json\/wp\/v2\/comments?post=6558"}],"version-history":[{"count":0,"href":"https:\/\/sertv.gob.pa\/crisolfm\/wp-json\/wp\/v2\/posts\/6558\/revisions"}],"wp:featuredmedia":[{"embeddable":true,"href":"https:\/\/sertv.gob.pa\/crisolfm\/wp-json\/wp\/v2\/media\/6559"}],"wp:attachment":[{"href":"https:\/\/sertv.gob.pa\/crisolfm\/wp-json\/wp\/v2\/media?parent=6558"}],"wp:term":[{"taxonomy":"category","embeddable":true,"href":"https:\/\/sertv.gob.pa\/crisolfm\/wp-json\/wp\/v2\/categories?post=6558"},{"taxonomy":"post_tag","embeddable":true,"href":"https:\/\/sertv.gob.pa\/crisolfm\/wp-json\/wp\/v2\/tags?post=6558"}],"curies":[{"name":"wp","href":"https:\/\/api.w.org\/{rel}","templated":true}]}}