{"id":65604,"date":"2024-10-09T15:17:29","date_gmt":"2024-10-09T15:17:29","guid":{"rendered":"https:\/\/sertv.gob.pa\/crisolfm\/?p=65604"},"modified":"2024-10-09T15:17:29","modified_gmt":"2024-10-09T15:17:29","slug":"la-region-metropolitana-inicio-proyecto-cero-dengue-con-apoyo-de-ong-cadena-y-municipio-de-panama","status":"publish","type":"post","link":"https:\/\/sertv.gob.pa\/crisolfm\/la-region-metropolitana-inicio-proyecto-cero-dengue-con-apoyo-de-ong-cadena-y-municipio-de-panama\/","title":{"rendered":"La regi\u00f3n Metropolitana inici\u00f3 Proyecto \u00abCero Dengue\u00bb con apoyo de ONG Cadena y Municipio de Panam\u00e1"},"content":{"rendered":"<div class=\"fusion-fullwidth fullwidth-box fusion-builder-row-1 fusion-flex-container has-pattern-background has-mask-background nonhundred-percent-fullwidth non-hundred-percent-height-scrolling\" style=\"--awb-border-radius-top-left:0px;--awb-border-radius-top-right:0px;--awb-border-radius-bottom-right:0px;--awb-border-radius-bottom-left:0px;--awb-flex-wrap:wrap;\" ><div class=\"fusion-builder-row fusion-row fusion-flex-align-items-flex-start fusion-flex-content-wrap\" style=\"max-width:1144px;margin-left: calc(-4% \/ 2 );margin-right: calc(-4% \/ 2 );\"><div class=\"fusion-layout-column fusion_builder_column fusion-builder-column-0 fusion_builder_column_1_1 1_1 fusion-flex-column\" style=\"--awb-bg-size:cover;--awb-width-large:100%;--awb-margin-top-large:0px;--awb-spacing-right-large:1.92%;--awb-margin-bottom-large:20px;--awb-spacing-left-large:1.92%;--awb-width-medium:100%;--awb-order-medium:0;--awb-spacing-right-medium:1.92%;--awb-spacing-left-medium:1.92%;--awb-width-small:100%;--awb-order-small:0;--awb-spacing-right-small:1.92%;--awb-spacing-left-small:1.92%;\"><div class=\"fusion-column-wrapper fusion-column-has-shadow fusion-flex-justify-content-flex-start fusion-content-layout-column\"><div class=\"fusion-text fusion-text-1\"><p><strong>La regi\u00f3n Metropolitana de Salud con la ONG Cadena y el apoyo del Municipio de Panam\u00e1, inici\u00f3 el proyecto \u00abCero Dengue\u00bb.<\/strong><\/p>\n<p><strong>Este consiste en la organizaci\u00f3n comunitaria y entrega de herramientas con la dotaci\u00f3n de tanques se agua segura, proyecto de cosecha de agua lluvia, adem\u00e1s de cuatro termonebulizadoras, seis motomochilas nebulizadoras y dos m\u00e1quinas pesadas de fumigaci\u00f3n.<\/strong><\/p>\n<p><strong>La ejecuci\u00f3n del proyecto \u00abCero Dengue\u00bb ser\u00e1 en las comunidades con mayor \u00edndices de casos por dengue y tendr\u00e1 una duraci\u00f3n de 45 d\u00edas.<\/strong><\/p>\n<p><strong>En este sentido, se medir\u00e1n las acciones comunitarias a largo plazo para que el proyecto sea sostenible.<\/strong><\/p>\n<p><strong>Este proyecto ser\u00e1 visibilizado en los corregimientos de Pacora, la 24 de Diciembre y Felipillo.<\/strong><\/p>\n<p>Fuente: MINSA<\/p>\n<\/div><div class=\"awb-gallery-wrapper awb-gallery-wrapper-1 button-span-no\" style=\"--more-btn-alignment:center;\"><div style=\"margin:-5px;--awb-bordersize:0px;\" class=\"fusion-gallery fusion-gallery-container fusion-grid-3 fusion-columns-total-1 fusion-gallery-layout-grid fusion-gallery-1\"><div style=\"padding:5px;\" class=\"fusion-grid-column fusion-gallery-column fusion-gallery-column-3 hover-type-none\"><div class=\"fusion-gallery-image\"><a href=\"https:\/\/sertv.gob.pa\/crisolfm\/wp-content\/uploads\/sites\/2\/2024\/10\/CERO-DENGUE-2.jpeg\" rel=\"noreferrer\" data-rel=\"iLightbox[gallery_image_1]\" class=\"fusion-lightbox\" target=\"_self\"><img decoding=\"async\" src=\"https:\/\/sertv.gob.pa\/crisolfm\/wp-content\/uploads\/sites\/2\/2024\/10\/CERO-DENGUE-2.jpeg\" width=\"600\" height=\"450\" alt=\"\" title=\"CERO DENGUE 2\" aria-label=\"CERO DENGUE 2\" class=\"img-responsive wp-image-65606\" srcset=\"https:\/\/sertv.gob.pa\/crisolfm\/wp-content\/uploads\/sites\/2\/2024\/10\/CERO-DENGUE-2-200x150.jpeg 200w, https:\/\/sertv.gob.pa\/crisolfm\/wp-content\/uploads\/sites\/2\/2024\/10\/CERO-DENGUE-2-400x300.jpeg 400w, https:\/\/sertv.gob.pa\/crisolfm\/wp-content\/uploads\/sites\/2\/2024\/10\/CERO-DENGUE-2.jpeg 600w\" sizes=\"(min-width: 2200px) 100vw, (min-width: 784px) 363px, (min-width: 712px) 545px, (min-width: 640px) 712px, \" \/><\/a><\/div><\/div><\/div><\/div><\/div><\/div><\/div><\/div>\n","protected":false},"excerpt":{"rendered":"","protected":false},"author":9,"featured_media":65605,"comment_status":"closed","ping_status":"closed","sticky":false,"template":"","format":"standard","meta":{"footnotes":""},"categories":[14],"tags":[],"class_list":["post-65604","post","type-post","status-publish","format-standard","has-post-thumbnail","hentry","category-salud"],"_links":{"self":[{"href":"https:\/\/sertv.gob.pa\/crisolfm\/wp-json\/wp\/v2\/posts\/65604","targetHints":{"allow":["GET"]}}],"collection":[{"href":"https:\/\/sertv.gob.pa\/crisolfm\/wp-json\/wp\/v2\/posts"}],"about":[{"href":"https:\/\/sertv.gob.pa\/crisolfm\/wp-json\/wp\/v2\/types\/post"}],"author":[{"embeddable":true,"href":"https:\/\/sertv.gob.pa\/crisolfm\/wp-json\/wp\/v2\/users\/9"}],"replies":[{"embeddable":true,"href":"https:\/\/sertv.gob.pa\/crisolfm\/wp-json\/wp\/v2\/comments?post=65604"}],"version-history":[{"count":1,"href":"https:\/\/sertv.gob.pa\/crisolfm\/wp-json\/wp\/v2\/posts\/65604\/revisions"}],"predecessor-version":[{"id":65607,"href":"https:\/\/sertv.gob.pa\/crisolfm\/wp-json\/wp\/v2\/posts\/65604\/revisions\/65607"}],"wp:featuredmedia":[{"embeddable":true,"href":"https:\/\/sertv.gob.pa\/crisolfm\/wp-json\/wp\/v2\/media\/65605"}],"wp:attachment":[{"href":"https:\/\/sertv.gob.pa\/crisolfm\/wp-json\/wp\/v2\/media?parent=65604"}],"wp:term":[{"taxonomy":"category","embeddable":true,"href":"https:\/\/sertv.gob.pa\/crisolfm\/wp-json\/wp\/v2\/categories?post=65604"},{"taxonomy":"post_tag","embeddable":true,"href":"https:\/\/sertv.gob.pa\/crisolfm\/wp-json\/wp\/v2\/tags?post=65604"}],"curies":[{"name":"wp","href":"https:\/\/api.w.org\/{rel}","templated":true}]}}