{"id":6566,"date":"2016-10-27T15:48:48","date_gmt":"2016-10-27T15:48:48","guid":{"rendered":""},"modified":"2016-10-27T15:48:48","modified_gmt":"2016-10-27T15:48:48","slug":"en-colombia-funcionarios-que-usan-bicicletas-seran-recompensados","status":"publish","type":"post","link":"https:\/\/sertv.gob.pa\/crisolfm\/en-colombia-funcionarios-que-usan-bicicletas-seran-recompensados\/","title":{"rendered":"En Colombia funcionarios que usen bicicletas ser\u00e1n recompensados"},"content":{"rendered":"<p>\nEn  Colombia , por cada  30 veces que los funcionarios p\u00fablicos vayan al trabajo en bicicleta obtendr\u00e1n medio d\u00eda libre y remunerado , seg\u00fan una ley sancionada ayer mi\u00e9rcoles por el presidente  Juan Manuel Santos \u00a0para mitigar el cambio clim\u00e1tico y mejorar la movilidad urbana. <\/p>\n<p>\u00abDe acuerdo con la  Ley 1811 , los funcionarios p\u00fablicos recibir\u00e1n medio d\u00eda laboral libre remunerado por cada 30 veces que certifiquen haber llegado a trabajar en bicicleta\u00bb, se\u00f1al\u00f3 la Presidencia en un comunicado. <\/p>\n<p>Los empleados de empresas privadas o mixtas podr\u00e1n adoptar el mismo \u00abesquema de incentivos con arreglo a sus propias especificaciones empresariales\u00bb, reza el acto legislativo. <\/p>\n<p>La ley, impulsada por las congresistas del partido  Alianza Verde  (centro) Claudia L\u00f3pez y Ang\u00e9lica Lozano y aprobada en agosto por el Senado, busca incrementar el n\u00famero de viajes en bicicleta, \u00abmitigar el impacto ambiental producido por el tr\u00e1nsito automotor y mejorar la movilidad en las ciudades\u00bb. <\/p>\n<p>Adem\u00e1s, la norma estipula que en un plazo no superior a  dos a\u00f1os  desde la expedici\u00f3n de la ley, las entidades p\u00fablicas deber\u00e1n establecer esquemas de estacionamiento adecuados, seguros y que respondan a la demanda de bicicletas. <\/p>\n<p>Los organismos estatales deber\u00e1n habilitar \u00abcomo m\u00ednimo el 10 por ciento de los cupos destinados para los veh\u00edculos automotores que tenga la entidad\u00bb, afirm\u00f3. <\/p>\n<p>Antes de que se cumpla un a\u00f1o de la promulgaci\u00f3n de la norma, el ministerio de Industria tendr\u00e1 que implementar un programa que incentive la \u00abproducci\u00f3n y la adquisici\u00f3n\u00bb de bicicletas en todo el pa\u00eds. <\/p>\n<p>En Colombia es com\u00fan el transporte en bicicleta, tanto en el campo como en las ciudades. En Bogot\u00e1, la capital con m\u00e1s de  ocho millones de habitantes , se realizan a diario m\u00e1s de  575 mil viajes  en este tipo de veh\u00edculo, seg\u00fan datos oficiales. <\/p>\n<p>\u00a0 <\/p>\n","protected":false},"excerpt":{"rendered":"<p>En Colombia , por cada 30 veces que los funcionarios <a href=\"https:\/\/sertv.gob.pa\/crisolfm\/en-colombia-funcionarios-que-usan-bicicletas-seran-recompensados\/\"> [&#8230;]<\/a><\/p>\n","protected":false},"author":1,"featured_media":6567,"comment_status":"closed","ping_status":"closed","sticky":false,"template":"","format":"standard","meta":{"footnotes":""},"categories":[7],"tags":[],"class_list":["post-6566","post","type-post","status-publish","format-standard","has-post-thumbnail","hentry","category-ecologicas"],"_links":{"self":[{"href":"https:\/\/sertv.gob.pa\/crisolfm\/wp-json\/wp\/v2\/posts\/6566","targetHints":{"allow":["GET"]}}],"collection":[{"href":"https:\/\/sertv.gob.pa\/crisolfm\/wp-json\/wp\/v2\/posts"}],"about":[{"href":"https:\/\/sertv.gob.pa\/crisolfm\/wp-json\/wp\/v2\/types\/post"}],"author":[{"embeddable":true,"href":"https:\/\/sertv.gob.pa\/crisolfm\/wp-json\/wp\/v2\/users\/1"}],"replies":[{"embeddable":true,"href":"https:\/\/sertv.gob.pa\/crisolfm\/wp-json\/wp\/v2\/comments?post=6566"}],"version-history":[{"count":0,"href":"https:\/\/sertv.gob.pa\/crisolfm\/wp-json\/wp\/v2\/posts\/6566\/revisions"}],"wp:featuredmedia":[{"embeddable":true,"href":"https:\/\/sertv.gob.pa\/crisolfm\/wp-json\/wp\/v2\/media\/6567"}],"wp:attachment":[{"href":"https:\/\/sertv.gob.pa\/crisolfm\/wp-json\/wp\/v2\/media?parent=6566"}],"wp:term":[{"taxonomy":"category","embeddable":true,"href":"https:\/\/sertv.gob.pa\/crisolfm\/wp-json\/wp\/v2\/categories?post=6566"},{"taxonomy":"post_tag","embeddable":true,"href":"https:\/\/sertv.gob.pa\/crisolfm\/wp-json\/wp\/v2\/tags?post=6566"}],"curies":[{"name":"wp","href":"https:\/\/api.w.org\/{rel}","templated":true}]}}