{"id":65741,"date":"2024-10-11T17:08:50","date_gmt":"2024-10-11T17:08:50","guid":{"rendered":"https:\/\/sertv.gob.pa\/crisolfm\/?p=65741"},"modified":"2024-10-11T17:08:50","modified_gmt":"2024-10-11T17:08:50","slug":"65741-2","status":"publish","type":"post","link":"https:\/\/sertv.gob.pa\/crisolfm\/65741-2\/","title":{"rendered":""},"content":{"rendered":"<p><strong>El Centro Reintegra de la provincia de Herrera, realiz\u00f3 una jornada especial de docencia y talleres en conmemoraci\u00f3n del D\u00eda de la Salud Mental, dirigida a los padres de familia de los pacientes atendidos en la entidad de rehabilitaci\u00f3n.<\/strong><\/p>\n<p><strong>La actividad, resalt\u00f3 la importancia de la salud mental en el proceso de recuperaci\u00f3n y habilitaci\u00f3n de los usuarios del centro, por lo que profesionales y especialistas brindaron herramientas clave que permitir\u00e1n a los familiares apoyar de manera m\u00e1s efectiva a sus familiares con discapacidad, en su camino hacia la inclusi\u00f3n y recuperaci\u00f3n.<\/strong><\/p>\n<p><strong>La docencia en salud mental, se presenta como un pilar fundamental, ya que fortalece el acompa\u00f1amiento familiar, aspecto crucial para el \u00e9xito de las terapias y el bienestar integral de los pacientes, indic\u00f3 Jorge C\u00f3rdoba, director del Centro Reintegra de Herrera.<\/strong><\/p>\n<p><strong>Este evento, forma parte del compromiso de la instituci\u00f3n con la comunidad, en su misi\u00f3n de generar conciencia sobre la importancia del apoyo emocional y psicol\u00f3gico, con actividades pr\u00e1cticas y charlas educativas, que permitieron a los padres y madres adquirir una mayor comprensi\u00f3n sobre los desaf\u00edos de la salud mental y c\u00f3mo contribuir positivamente en el entorno familiar.<\/strong><\/p>\n<p>&nbsp;<\/p>\n<p><strong>Fuente: MINSA<\/strong><\/p>\n","protected":false},"excerpt":{"rendered":"<p>El Centro Reintegra de la provincia de Herrera, realiz\u00f3 una <a href=\"https:\/\/sertv.gob.pa\/crisolfm\/65741-2\/\"> [&#8230;]<\/a><\/p>\n","protected":false},"author":9,"featured_media":65742,"comment_status":"closed","ping_status":"closed","sticky":false,"template":"","format":"standard","meta":{"footnotes":""},"categories":[14],"tags":[],"class_list":["post-65741","post","type-post","status-publish","format-standard","has-post-thumbnail","hentry","category-salud"],"_links":{"self":[{"href":"https:\/\/sertv.gob.pa\/crisolfm\/wp-json\/wp\/v2\/posts\/65741","targetHints":{"allow":["GET"]}}],"collection":[{"href":"https:\/\/sertv.gob.pa\/crisolfm\/wp-json\/wp\/v2\/posts"}],"about":[{"href":"https:\/\/sertv.gob.pa\/crisolfm\/wp-json\/wp\/v2\/types\/post"}],"author":[{"embeddable":true,"href":"https:\/\/sertv.gob.pa\/crisolfm\/wp-json\/wp\/v2\/users\/9"}],"replies":[{"embeddable":true,"href":"https:\/\/sertv.gob.pa\/crisolfm\/wp-json\/wp\/v2\/comments?post=65741"}],"version-history":[{"count":1,"href":"https:\/\/sertv.gob.pa\/crisolfm\/wp-json\/wp\/v2\/posts\/65741\/revisions"}],"predecessor-version":[{"id":65743,"href":"https:\/\/sertv.gob.pa\/crisolfm\/wp-json\/wp\/v2\/posts\/65741\/revisions\/65743"}],"wp:featuredmedia":[{"embeddable":true,"href":"https:\/\/sertv.gob.pa\/crisolfm\/wp-json\/wp\/v2\/media\/65742"}],"wp:attachment":[{"href":"https:\/\/sertv.gob.pa\/crisolfm\/wp-json\/wp\/v2\/media?parent=65741"}],"wp:term":[{"taxonomy":"category","embeddable":true,"href":"https:\/\/sertv.gob.pa\/crisolfm\/wp-json\/wp\/v2\/categories?post=65741"},{"taxonomy":"post_tag","embeddable":true,"href":"https:\/\/sertv.gob.pa\/crisolfm\/wp-json\/wp\/v2\/tags?post=65741"}],"curies":[{"name":"wp","href":"https:\/\/api.w.org\/{rel}","templated":true}]}}