{"id":6580,"date":"2016-10-28T18:42:20","date_gmt":"2016-10-28T18:42:20","guid":{"rendered":""},"modified":"2016-10-28T18:42:20","modified_gmt":"2016-10-28T18:42:20","slug":"el-salvador-fue-sacudido-hoy-por-un-sismo-de-3-5-en-la-escala-de-richter","status":"publish","type":"post","link":"https:\/\/sertv.gob.pa\/crisolfm\/el-salvador-fue-sacudido-hoy-por-un-sismo-de-3-5-en-la-escala-de-richter\/","title":{"rendered":"El Salvador fue sacudido hoy por un sismo de 3,5 en la escala de Richter"},"content":{"rendered":"<p>\nHoy un sismo de magnitud 3,5 en la escala de Richter sacudi\u00f3 la zona sureste de El Salvador sin ocasionar v\u00edctimas ni da\u00f1os materiales, inform\u00f3 el Ministerio de Medio Ambiente y Recursos Naturales (MARN). <\/p>\n<p>El movimiento tel\u00farico se produjo frente a la costa de la Paz, 42 kil\u00f3metros al sureste de San Salvador, a las 05:12 hora local (11:12 GMT). <\/p>\n<p>Seg\u00fan precis\u00f3 la cartera de Estado, el temblor tuvo su epicentro a 56 kil\u00f3metros de profundidad en aguas del Pac\u00edfico salvadore\u00f1o.\u00a0 <\/p>\n<p>\u00a0 <\/p>\n","protected":false},"excerpt":{"rendered":"<p>Hoy un sismo de magnitud 3,5 en la escala de <a href=\"https:\/\/sertv.gob.pa\/crisolfm\/el-salvador-fue-sacudido-hoy-por-un-sismo-de-3-5-en-la-escala-de-richter\/\"> [&#8230;]<\/a><\/p>\n","protected":false},"author":1,"featured_media":6581,"comment_status":"closed","ping_status":"closed","sticky":false,"template":"","format":"standard","meta":{"footnotes":""},"categories":[7],"tags":[],"class_list":["post-6580","post","type-post","status-publish","format-standard","has-post-thumbnail","hentry","category-ecologicas"],"_links":{"self":[{"href":"https:\/\/sertv.gob.pa\/crisolfm\/wp-json\/wp\/v2\/posts\/6580","targetHints":{"allow":["GET"]}}],"collection":[{"href":"https:\/\/sertv.gob.pa\/crisolfm\/wp-json\/wp\/v2\/posts"}],"about":[{"href":"https:\/\/sertv.gob.pa\/crisolfm\/wp-json\/wp\/v2\/types\/post"}],"author":[{"embeddable":true,"href":"https:\/\/sertv.gob.pa\/crisolfm\/wp-json\/wp\/v2\/users\/1"}],"replies":[{"embeddable":true,"href":"https:\/\/sertv.gob.pa\/crisolfm\/wp-json\/wp\/v2\/comments?post=6580"}],"version-history":[{"count":0,"href":"https:\/\/sertv.gob.pa\/crisolfm\/wp-json\/wp\/v2\/posts\/6580\/revisions"}],"wp:featuredmedia":[{"embeddable":true,"href":"https:\/\/sertv.gob.pa\/crisolfm\/wp-json\/wp\/v2\/media\/6581"}],"wp:attachment":[{"href":"https:\/\/sertv.gob.pa\/crisolfm\/wp-json\/wp\/v2\/media?parent=6580"}],"wp:term":[{"taxonomy":"category","embeddable":true,"href":"https:\/\/sertv.gob.pa\/crisolfm\/wp-json\/wp\/v2\/categories?post=6580"},{"taxonomy":"post_tag","embeddable":true,"href":"https:\/\/sertv.gob.pa\/crisolfm\/wp-json\/wp\/v2\/tags?post=6580"}],"curies":[{"name":"wp","href":"https:\/\/api.w.org\/{rel}","templated":true}]}}