{"id":65801,"date":"2024-10-14T17:44:16","date_gmt":"2024-10-14T17:44:16","guid":{"rendered":"https:\/\/sertv.gob.pa\/crisolfm\/?p=65801"},"modified":"2024-10-14T17:44:16","modified_gmt":"2024-10-14T17:44:16","slug":"region-de-salud-de-herrera-promueve-servicios-de-salud-y-bienestar-a-la-comunidad","status":"publish","type":"post","link":"https:\/\/sertv.gob.pa\/crisolfm\/region-de-salud-de-herrera-promueve-servicios-de-salud-y-bienestar-a-la-comunidad\/","title":{"rendered":"Regi\u00f3n de salud de Herrera promueve servicios de salud y bienestar a la comunidad"},"content":{"rendered":"<p style=\"text-align: left\"><strong>La Regi\u00f3n de Salud de Herrera, particip\u00f3 en una Feria de la Salud que se llev\u00f3 a cabo en Chitr\u00e9, donde se ofrecieron diversas orientaciones y servicios dirigidos a la comunidad, destacando la promoci\u00f3n de estilos de vida saludables y el bienestar integral de los participantes.<\/strong><\/p>\n<p style=\"text-align: left\"><strong>La feria, fue realizada por la Universidad Metropolitana de Educaci\u00f3n, Ciencia y Tecnolog\u00eda (UMECIT), donde profesionales de la salud, brindaron informaci\u00f3n sobre los riesgos del tabaquismo y la importancia de abandonar este h\u00e1bito para mejorar la calidad de vida, a trav\u00e9s de las Cl\u00ednicas de Cesaci\u00f3n de Tabaco.<\/strong><\/p>\n<p style=\"text-align: left\"><strong>Asimismo, la importancia de mantener una buena salud mental, fue otro tema central de la jornada, donde especialistas del \u00e1rea ofrecieron charlas sobre c\u00f3mo gestionar el estr\u00e9s, la ansiedad y la depresi\u00f3n, subrayando la relevancia del autocuidado y la b\u00fasqueda de apoyo profesional ante cualquier se\u00f1al de desequilibrio emocional.<\/strong><\/p>\n<p style=\"text-align: left\"><strong>Adem\u00e1s, la Feria de la Salud incluy\u00f3 una secci\u00f3n dedicada a la docencia sobre bienestar animal, resaltando el papel que juegan las mascotas y otros animales en la vida de las personas.<\/strong><\/p>\n<p style=\"text-align: left\"><strong>Se ofrecieron recomendaciones sobre el cuidado adecuado de los animales dom\u00e9sticos, promoviendo la tenencia responsable y el respeto por todas las formas de vida.<\/strong><\/p>\n<p style=\"text-align: left\"><strong>La actividad, cont\u00f3 con la participaci\u00f3n activa de la comunidad, quienes pudieron acceder a valiosa informaci\u00f3n que fomenta una vida m\u00e1s saludable y equilibrada, tanto en lo f\u00edsico como en lo mental.<\/strong><\/p>\n<p style=\"text-align: left\">\n<p style=\"text-align: left\">Fuente: MINSA<\/p>\n","protected":false},"excerpt":{"rendered":"<p>La Regi\u00f3n de Salud de Herrera, particip\u00f3 en una Feria <a href=\"https:\/\/sertv.gob.pa\/crisolfm\/region-de-salud-de-herrera-promueve-servicios-de-salud-y-bienestar-a-la-comunidad\/\"> [&#8230;]<\/a><\/p>\n","protected":false},"author":9,"featured_media":65802,"comment_status":"closed","ping_status":"closed","sticky":false,"template":"","format":"standard","meta":{"footnotes":""},"categories":[14],"tags":[],"class_list":["post-65801","post","type-post","status-publish","format-standard","has-post-thumbnail","hentry","category-salud"],"_links":{"self":[{"href":"https:\/\/sertv.gob.pa\/crisolfm\/wp-json\/wp\/v2\/posts\/65801","targetHints":{"allow":["GET"]}}],"collection":[{"href":"https:\/\/sertv.gob.pa\/crisolfm\/wp-json\/wp\/v2\/posts"}],"about":[{"href":"https:\/\/sertv.gob.pa\/crisolfm\/wp-json\/wp\/v2\/types\/post"}],"author":[{"embeddable":true,"href":"https:\/\/sertv.gob.pa\/crisolfm\/wp-json\/wp\/v2\/users\/9"}],"replies":[{"embeddable":true,"href":"https:\/\/sertv.gob.pa\/crisolfm\/wp-json\/wp\/v2\/comments?post=65801"}],"version-history":[{"count":1,"href":"https:\/\/sertv.gob.pa\/crisolfm\/wp-json\/wp\/v2\/posts\/65801\/revisions"}],"predecessor-version":[{"id":65803,"href":"https:\/\/sertv.gob.pa\/crisolfm\/wp-json\/wp\/v2\/posts\/65801\/revisions\/65803"}],"wp:featuredmedia":[{"embeddable":true,"href":"https:\/\/sertv.gob.pa\/crisolfm\/wp-json\/wp\/v2\/media\/65802"}],"wp:attachment":[{"href":"https:\/\/sertv.gob.pa\/crisolfm\/wp-json\/wp\/v2\/media?parent=65801"}],"wp:term":[{"taxonomy":"category","embeddable":true,"href":"https:\/\/sertv.gob.pa\/crisolfm\/wp-json\/wp\/v2\/categories?post=65801"},{"taxonomy":"post_tag","embeddable":true,"href":"https:\/\/sertv.gob.pa\/crisolfm\/wp-json\/wp\/v2\/tags?post=65801"}],"curies":[{"name":"wp","href":"https:\/\/api.w.org\/{rel}","templated":true}]}}