{"id":6584,"date":"2016-10-28T19:14:18","date_gmt":"2016-10-28T19:14:18","guid":{"rendered":""},"modified":"2016-10-28T19:14:18","modified_gmt":"2016-10-28T19:14:18","slug":"a-proteger-reserva-ambiental-en-america-latina-insta-el-pnud","status":"publish","type":"post","link":"https:\/\/sertv.gob.pa\/crisolfm\/a-proteger-reserva-ambiental-en-america-latina-insta-el-pnud\/","title":{"rendered":"A proteger reserva ambiental en Am\u00e9rica Latina insta el PNUD"},"content":{"rendered":"<p>\nA mantener los esfuerzos para que Am\u00e9rica Latina proteja su reserva y patrimonio natural, inst\u00f3 ayer el representante residente adjunto en Panam\u00e1 del Programa de las Naciones Unidas para el Desarrollo (PNUD), Fernando Hiraldo. <\/p>\n<p>El representante del organismo habl\u00f3 sobre el tema durante el Congreso Internacional de Econom\u00eda, Ambiente y Energ\u00eda para el Desarrollo de los Pa\u00edses que se realiz\u00f3 en la ciudad capital. <\/p>\n<p>En la regi\u00f3n hay pa\u00edses con un equilibrio en la huella de su &lsquo;biocapacidad&#8217; (la capacidad de generar recursos naturales de forma renovable), sin embargo otros no la tienen, expres\u00f3 Hiraldo. <\/p>\n<p>Respecto a Panam\u00e1, Hiraldo destac\u00f3 que este pa\u00eds ha registrado tener en los \u00faltimos a\u00f1os registros envidiables en cuanto al crecimiento del Producto Interno Bruto (PIB), tanto a nivel regional como a nivel mundial, sin embargo consider\u00f3 necesario conseguir que ese modelo de desarrollo no afecte el medio ambiente y asegurarse de que los beneficios sean distribuidos a toda la poblaci\u00f3n. <\/p>\n<p>Explic\u00f3 que se trata de que no haya tasas de pobreza de 80% en comarcas ind\u00edgenas, lo cual tiene una menor incidencia en las ciudades. Por su parte el presidente de la C\u00e1mara de Comercio Internacional (ICC, por sus siglas en ingl\u00e9s) cap\u00edtulo de Panam\u00e1, Esteban L\u00f3pez, se refiri\u00f3 a la &lsquo;hoja verde&#8217; presentada en el congreso con recomendaciones para un desarrollo sostenible. <\/p>\n<p>La ICC present\u00f3 la hoja verde con 10 puntos principales que toda empresa debe seguir para garantizar la protecci\u00f3n de la naturaleza. <\/p>\n<p>Por su parte, Raisa Banfield, vicealcaldesa de Ciudad de Panam\u00e1, indic\u00f3 que la hoja verde alinea al sector privado en metas comunes y pone la innovaci\u00f3n de creatividad de este sector a trabajar en favor de la sostenibilidad ambiental. <\/p>\n<p>\u00a0 <\/p>\n","protected":false},"excerpt":{"rendered":"<p>A mantener los esfuerzos para que Am\u00e9rica Latina proteja su <a href=\"https:\/\/sertv.gob.pa\/crisolfm\/a-proteger-reserva-ambiental-en-america-latina-insta-el-pnud\/\"> [&#8230;]<\/a><\/p>\n","protected":false},"author":1,"featured_media":6585,"comment_status":"closed","ping_status":"closed","sticky":false,"template":"","format":"standard","meta":{"footnotes":""},"categories":[7],"tags":[],"class_list":["post-6584","post","type-post","status-publish","format-standard","has-post-thumbnail","hentry","category-ecologicas"],"_links":{"self":[{"href":"https:\/\/sertv.gob.pa\/crisolfm\/wp-json\/wp\/v2\/posts\/6584","targetHints":{"allow":["GET"]}}],"collection":[{"href":"https:\/\/sertv.gob.pa\/crisolfm\/wp-json\/wp\/v2\/posts"}],"about":[{"href":"https:\/\/sertv.gob.pa\/crisolfm\/wp-json\/wp\/v2\/types\/post"}],"author":[{"embeddable":true,"href":"https:\/\/sertv.gob.pa\/crisolfm\/wp-json\/wp\/v2\/users\/1"}],"replies":[{"embeddable":true,"href":"https:\/\/sertv.gob.pa\/crisolfm\/wp-json\/wp\/v2\/comments?post=6584"}],"version-history":[{"count":0,"href":"https:\/\/sertv.gob.pa\/crisolfm\/wp-json\/wp\/v2\/posts\/6584\/revisions"}],"wp:featuredmedia":[{"embeddable":true,"href":"https:\/\/sertv.gob.pa\/crisolfm\/wp-json\/wp\/v2\/media\/6585"}],"wp:attachment":[{"href":"https:\/\/sertv.gob.pa\/crisolfm\/wp-json\/wp\/v2\/media?parent=6584"}],"wp:term":[{"taxonomy":"category","embeddable":true,"href":"https:\/\/sertv.gob.pa\/crisolfm\/wp-json\/wp\/v2\/categories?post=6584"},{"taxonomy":"post_tag","embeddable":true,"href":"https:\/\/sertv.gob.pa\/crisolfm\/wp-json\/wp\/v2\/tags?post=6584"}],"curies":[{"name":"wp","href":"https:\/\/api.w.org\/{rel}","templated":true}]}}