{"id":65841,"date":"2024-10-15T15:36:34","date_gmt":"2024-10-15T15:36:34","guid":{"rendered":"https:\/\/sertv.gob.pa\/crisolfm\/?p=65841"},"modified":"2024-10-15T15:36:34","modified_gmt":"2024-10-15T15:36:34","slug":"realizan-misa-de-accion-de-gracias-en-la-unidad-oncologica-de-veraguas","status":"publish","type":"post","link":"https:\/\/sertv.gob.pa\/crisolfm\/realizan-misa-de-accion-de-gracias-en-la-unidad-oncologica-de-veraguas\/","title":{"rendered":"Realizan misa de acci\u00f3n de gracias en la Unidad Oncol\u00f3gica de Veraguas"},"content":{"rendered":"<div class=\"fusion-fullwidth fullwidth-box fusion-builder-row-1 fusion-flex-container has-pattern-background has-mask-background nonhundred-percent-fullwidth non-hundred-percent-height-scrolling\" style=\"--awb-border-radius-top-left:0px;--awb-border-radius-top-right:0px;--awb-border-radius-bottom-right:0px;--awb-border-radius-bottom-left:0px;--awb-flex-wrap:wrap;\" ><div class=\"fusion-builder-row fusion-row fusion-flex-align-items-flex-start fusion-flex-content-wrap\" style=\"max-width:1144px;margin-left: calc(-4% \/ 2 );margin-right: calc(-4% \/ 2 );\"><div class=\"fusion-layout-column fusion_builder_column fusion-builder-column-0 fusion_builder_column_1_1 1_1 fusion-flex-column\" style=\"--awb-bg-size:cover;--awb-width-large:100%;--awb-margin-top-large:0px;--awb-spacing-right-large:1.92%;--awb-margin-bottom-large:20px;--awb-spacing-left-large:1.92%;--awb-width-medium:100%;--awb-order-medium:0;--awb-spacing-right-medium:1.92%;--awb-spacing-left-medium:1.92%;--awb-width-small:100%;--awb-order-small:0;--awb-spacing-right-small:1.92%;--awb-spacing-left-small:1.92%;\"><div class=\"fusion-column-wrapper fusion-column-has-shadow fusion-flex-justify-content-flex-start fusion-content-layout-column\"><div class=\"fusion-text fusion-text-1\"><p style=\"text-align: left\"><strong>Como parte de las actividades conmemorativas de la lucha contra el C\u00e1ncer de Mama y Pr\u00f3stata, se llev\u00f3 a cabo,\u00a0 una misa en la Unidad Oncol\u00f3gica de la provincia de Veraguas, para pedir por la salud y vida de las personas que luchan contra el c\u00e1ncer y por las almas de los que han perdido la batalla.<\/strong><\/p>\n<p style=\"text-align: left\"><strong>Durante todo este mes, se est\u00e1n desarrollando actividades, con el objetivo de crear conciencia en la poblaci\u00f3n sobre la importancia de la detecci\u00f3n temprana, el apoyo a los que luchan contra esta enfermedad y la promoci\u00f3n de h\u00e1bitos saludables para prevenir esta enfermedad.<\/strong><\/p>\n<p style=\"text-align: left\"><strong>La Eucarist\u00eda, estuvo a cargo del Padre V\u00edctor Atencio, gu\u00eda espiritual del Hospital Dr.Luis \u00abChicho\u00bbFabrega y cont\u00f3 con la participaci\u00f3n de pacientes, familiares y colaboradores del Ministerio de Salud. Se aprovech\u00f3 para elevar una plegaria por todas las familias verag\u00fcenses y de todo el mundo que est\u00e1n pasando por momentos dif\u00edciles.<\/strong><\/p>\n<p style=\"text-align: left\">Fuente: MINSA<\/p>\n<\/div><div class=\"awb-gallery-wrapper awb-gallery-wrapper-1 button-span-no\" style=\"--more-btn-alignment:center;\"><div style=\"margin:-5px;--awb-bordersize:0px;\" class=\"fusion-gallery fusion-gallery-container fusion-grid-3 fusion-columns-total-3 fusion-gallery-layout-grid fusion-gallery-1\"><div style=\"padding:5px;\" class=\"fusion-grid-column fusion-gallery-column fusion-gallery-column-3 hover-type-none\"><div class=\"fusion-gallery-image\"><a href=\"https:\/\/sertv.gob.pa\/crisolfm\/wp-content\/uploads\/sites\/2\/2024\/10\/MISA-DE-ACCION-DE-GRACIAS-1.jpeg\" rel=\"noreferrer\" data-rel=\"iLightbox[gallery_image_1]\" class=\"fusion-lightbox\" target=\"_self\"><img decoding=\"async\" src=\"https:\/\/sertv.gob.pa\/crisolfm\/wp-content\/uploads\/sites\/2\/2024\/10\/MISA-DE-ACCION-DE-GRACIAS-1.jpeg\" width=\"600\" height=\"400\" alt=\"\" title=\"MISA DE ACCI\u00d3N DE GRACIAS 1\" aria-label=\"MISA DE ACCI\u00d3N DE GRACIAS 1\" class=\"img-responsive wp-image-65842\" srcset=\"https:\/\/sertv.gob.pa\/crisolfm\/wp-content\/uploads\/sites\/2\/2024\/10\/MISA-DE-ACCION-DE-GRACIAS-1-200x133.jpeg 200w, https:\/\/sertv.gob.pa\/crisolfm\/wp-content\/uploads\/sites\/2\/2024\/10\/MISA-DE-ACCION-DE-GRACIAS-1-400x267.jpeg 400w, https:\/\/sertv.gob.pa\/crisolfm\/wp-content\/uploads\/sites\/2\/2024\/10\/MISA-DE-ACCION-DE-GRACIAS-1.jpeg 600w\" sizes=\"(min-width: 2200px) 100vw, (min-width: 784px) 363px, (min-width: 712px) 545px, (min-width: 640px) 712px, \" \/><\/a><\/div><\/div><div style=\"padding:5px;\" class=\"fusion-grid-column fusion-gallery-column fusion-gallery-column-3 hover-type-none\"><div class=\"fusion-gallery-image\"><a href=\"https:\/\/sertv.gob.pa\/crisolfm\/wp-content\/uploads\/sites\/2\/2024\/10\/MISA-DE-ACCION-DE-GRACIAS-2.jpeg\" rel=\"noreferrer\" data-rel=\"iLightbox[gallery_image_1]\" class=\"fusion-lightbox\" target=\"_self\"><img decoding=\"async\" src=\"https:\/\/sertv.gob.pa\/crisolfm\/wp-content\/uploads\/sites\/2\/2024\/10\/MISA-DE-ACCION-DE-GRACIAS-2.jpeg\" width=\"600\" height=\"400\" alt=\"\" title=\"MISA DE ACCI\u00d3N DE GRACIAS 2\" aria-label=\"MISA DE ACCI\u00d3N DE GRACIAS 2\" class=\"img-responsive wp-image-65843\" srcset=\"https:\/\/sertv.gob.pa\/crisolfm\/wp-content\/uploads\/sites\/2\/2024\/10\/MISA-DE-ACCION-DE-GRACIAS-2-200x133.jpeg 200w, https:\/\/sertv.gob.pa\/crisolfm\/wp-content\/uploads\/sites\/2\/2024\/10\/MISA-DE-ACCION-DE-GRACIAS-2-400x267.jpeg 400w, https:\/\/sertv.gob.pa\/crisolfm\/wp-content\/uploads\/sites\/2\/2024\/10\/MISA-DE-ACCION-DE-GRACIAS-2.jpeg 600w\" sizes=\"(min-width: 2200px) 100vw, (min-width: 784px) 363px, (min-width: 712px) 545px, (min-width: 640px) 712px, \" \/><\/a><\/div><\/div><div style=\"padding:5px;\" class=\"fusion-grid-column fusion-gallery-column fusion-gallery-column-3 hover-type-none\"><div class=\"fusion-gallery-image\"><a href=\"https:\/\/sertv.gob.pa\/crisolfm\/wp-content\/uploads\/sites\/2\/2024\/10\/MISA-DE-ACCION-DE-GRACIAS-3.jpeg\" rel=\"noreferrer\" data-rel=\"iLightbox[gallery_image_1]\" class=\"fusion-lightbox\" target=\"_self\"><img decoding=\"async\" src=\"https:\/\/sertv.gob.pa\/crisolfm\/wp-content\/uploads\/sites\/2\/2024\/10\/MISA-DE-ACCION-DE-GRACIAS-3.jpeg\" width=\"600\" height=\"400\" alt=\"\" title=\"MISA DE ACCI\u00d3N DE GRACIAS 3\" aria-label=\"MISA DE ACCI\u00d3N DE GRACIAS 3\" class=\"img-responsive wp-image-65844\" srcset=\"https:\/\/sertv.gob.pa\/crisolfm\/wp-content\/uploads\/sites\/2\/2024\/10\/MISA-DE-ACCION-DE-GRACIAS-3-200x133.jpeg 200w, https:\/\/sertv.gob.pa\/crisolfm\/wp-content\/uploads\/sites\/2\/2024\/10\/MISA-DE-ACCION-DE-GRACIAS-3-400x267.jpeg 400w, https:\/\/sertv.gob.pa\/crisolfm\/wp-content\/uploads\/sites\/2\/2024\/10\/MISA-DE-ACCION-DE-GRACIAS-3.jpeg 600w\" sizes=\"(min-width: 2200px) 100vw, (min-width: 784px) 363px, (min-width: 712px) 545px, (min-width: 640px) 712px, \" \/><\/a><\/div><\/div><div class=\"clearfix\"><\/div><\/div><\/div><\/div><\/div><\/div><\/div>\n","protected":false},"excerpt":{"rendered":"","protected":false},"author":9,"featured_media":65842,"comment_status":"closed","ping_status":"closed","sticky":false,"template":"","format":"standard","meta":{"footnotes":""},"categories":[14],"tags":[],"class_list":["post-65841","post","type-post","status-publish","format-standard","has-post-thumbnail","hentry","category-salud"],"_links":{"self":[{"href":"https:\/\/sertv.gob.pa\/crisolfm\/wp-json\/wp\/v2\/posts\/65841","targetHints":{"allow":["GET"]}}],"collection":[{"href":"https:\/\/sertv.gob.pa\/crisolfm\/wp-json\/wp\/v2\/posts"}],"about":[{"href":"https:\/\/sertv.gob.pa\/crisolfm\/wp-json\/wp\/v2\/types\/post"}],"author":[{"embeddable":true,"href":"https:\/\/sertv.gob.pa\/crisolfm\/wp-json\/wp\/v2\/users\/9"}],"replies":[{"embeddable":true,"href":"https:\/\/sertv.gob.pa\/crisolfm\/wp-json\/wp\/v2\/comments?post=65841"}],"version-history":[{"count":1,"href":"https:\/\/sertv.gob.pa\/crisolfm\/wp-json\/wp\/v2\/posts\/65841\/revisions"}],"predecessor-version":[{"id":65845,"href":"https:\/\/sertv.gob.pa\/crisolfm\/wp-json\/wp\/v2\/posts\/65841\/revisions\/65845"}],"wp:featuredmedia":[{"embeddable":true,"href":"https:\/\/sertv.gob.pa\/crisolfm\/wp-json\/wp\/v2\/media\/65842"}],"wp:attachment":[{"href":"https:\/\/sertv.gob.pa\/crisolfm\/wp-json\/wp\/v2\/media?parent=65841"}],"wp:term":[{"taxonomy":"category","embeddable":true,"href":"https:\/\/sertv.gob.pa\/crisolfm\/wp-json\/wp\/v2\/categories?post=65841"},{"taxonomy":"post_tag","embeddable":true,"href":"https:\/\/sertv.gob.pa\/crisolfm\/wp-json\/wp\/v2\/tags?post=65841"}],"curies":[{"name":"wp","href":"https:\/\/api.w.org\/{rel}","templated":true}]}}