{"id":65856,"date":"2024-10-15T17:31:36","date_gmt":"2024-10-15T17:31:36","guid":{"rendered":"https:\/\/sertv.gob.pa\/crisolfm\/?p=65856"},"modified":"2024-10-15T17:31:36","modified_gmt":"2024-10-15T17:31:36","slug":"la-onu-acusa-al-gobierno-de-venezuela-de-crimenes-de-lesa-humanidad-en-las-elecciones","status":"publish","type":"post","link":"https:\/\/sertv.gob.pa\/crisolfm\/la-onu-acusa-al-gobierno-de-venezuela-de-crimenes-de-lesa-humanidad-en-las-elecciones\/","title":{"rendered":"La ONU acusa al Gobierno de Venezuela de cr\u00edmenes de lesa humanidad en las elecciones"},"content":{"rendered":"<p><strong>Ginebra (EFE).<\/strong>&#8211; La Misi\u00f3n Internacional Independiente de la ONU para Venezuela afirm\u00f3 este martes que ve motivos razonables para creer que el Gobierno de Nicol\u00e1s Maduro cometi\u00f3 \u201ccr\u00edmenes de lesa humanidad\u201d antes, durante y despu\u00e9s de las elecciones presidenciales del 28 de julio, marcadas por la persecuci\u00f3n de opositores y la represi\u00f3n de las protestas tras los comicios.<\/p>\n<p>En un informe de 158 p\u00e1ginas que abarca el periodo comprendido entre el 1 de septiembre de 2023 y el 31 de agosto de 2024 la misi\u00f3n acusa a fuerzas de seguridad y grupos civiles armados progubernamentales de asesinatos, desapariciones forzadas, actos de tortura y violencia sexual y de g\u00e9nero.<\/p>\n","protected":false},"excerpt":{"rendered":"<p>Ginebra (EFE).&#8211; La Misi\u00f3n Internacional Independiente de la ONU para <a href=\"https:\/\/sertv.gob.pa\/crisolfm\/la-onu-acusa-al-gobierno-de-venezuela-de-crimenes-de-lesa-humanidad-en-las-elecciones\/\"> [&#8230;]<\/a><\/p>\n","protected":false},"author":9,"featured_media":65857,"comment_status":"closed","ping_status":"closed","sticky":false,"template":"","format":"standard","meta":{"footnotes":""},"categories":[13],"tags":[],"class_list":["post-65856","post","type-post","status-publish","format-standard","has-post-thumbnail","hentry","category-internacionales"],"_links":{"self":[{"href":"https:\/\/sertv.gob.pa\/crisolfm\/wp-json\/wp\/v2\/posts\/65856","targetHints":{"allow":["GET"]}}],"collection":[{"href":"https:\/\/sertv.gob.pa\/crisolfm\/wp-json\/wp\/v2\/posts"}],"about":[{"href":"https:\/\/sertv.gob.pa\/crisolfm\/wp-json\/wp\/v2\/types\/post"}],"author":[{"embeddable":true,"href":"https:\/\/sertv.gob.pa\/crisolfm\/wp-json\/wp\/v2\/users\/9"}],"replies":[{"embeddable":true,"href":"https:\/\/sertv.gob.pa\/crisolfm\/wp-json\/wp\/v2\/comments?post=65856"}],"version-history":[{"count":1,"href":"https:\/\/sertv.gob.pa\/crisolfm\/wp-json\/wp\/v2\/posts\/65856\/revisions"}],"predecessor-version":[{"id":65858,"href":"https:\/\/sertv.gob.pa\/crisolfm\/wp-json\/wp\/v2\/posts\/65856\/revisions\/65858"}],"wp:featuredmedia":[{"embeddable":true,"href":"https:\/\/sertv.gob.pa\/crisolfm\/wp-json\/wp\/v2\/media\/65857"}],"wp:attachment":[{"href":"https:\/\/sertv.gob.pa\/crisolfm\/wp-json\/wp\/v2\/media?parent=65856"}],"wp:term":[{"taxonomy":"category","embeddable":true,"href":"https:\/\/sertv.gob.pa\/crisolfm\/wp-json\/wp\/v2\/categories?post=65856"},{"taxonomy":"post_tag","embeddable":true,"href":"https:\/\/sertv.gob.pa\/crisolfm\/wp-json\/wp\/v2\/tags?post=65856"}],"curies":[{"name":"wp","href":"https:\/\/api.w.org\/{rel}","templated":true}]}}