{"id":65918,"date":"2024-10-16T16:32:09","date_gmt":"2024-10-16T16:32:09","guid":{"rendered":"https:\/\/sertv.gob.pa\/crisolfm\/?p=65918"},"modified":"2024-10-16T16:32:09","modified_gmt":"2024-10-16T16:32:09","slug":"discapacidad-auditiva-contribuye-al-declive-cognitivo-en-los-adultos-mayores","status":"publish","type":"post","link":"https:\/\/sertv.gob.pa\/crisolfm\/discapacidad-auditiva-contribuye-al-declive-cognitivo-en-los-adultos-mayores\/","title":{"rendered":"Discapacidad auditiva: contribuye al declive cognitivo en los adultos mayores"},"content":{"rendered":"<div class=\"fusion-fullwidth fullwidth-box fusion-builder-row-1 fusion-flex-container has-pattern-background has-mask-background nonhundred-percent-fullwidth non-hundred-percent-height-scrolling\" style=\"--awb-border-radius-top-left:0px;--awb-border-radius-top-right:0px;--awb-border-radius-bottom-right:0px;--awb-border-radius-bottom-left:0px;--awb-flex-wrap:wrap;\" ><div class=\"fusion-builder-row fusion-row fusion-flex-align-items-flex-start fusion-flex-content-wrap\" style=\"max-width:1144px;margin-left: calc(-4% \/ 2 );margin-right: calc(-4% \/ 2 );\"><div class=\"fusion-layout-column fusion_builder_column fusion-builder-column-0 fusion_builder_column_1_1 1_1 fusion-flex-column\" style=\"--awb-bg-size:cover;--awb-width-large:100%;--awb-margin-top-large:0px;--awb-spacing-right-large:1.92%;--awb-margin-bottom-large:20px;--awb-spacing-left-large:1.92%;--awb-width-medium:100%;--awb-order-medium:0;--awb-spacing-right-medium:1.92%;--awb-spacing-left-medium:1.92%;--awb-width-small:100%;--awb-order-small:0;--awb-spacing-right-small:1.92%;--awb-spacing-left-small:1.92%;\"><div class=\"fusion-column-wrapper fusion-column-has-shadow fusion-flex-justify-content-flex-start fusion-content-layout-column\"><div class=\"fusion-text fusion-text-1\"><p>La calidad de vida de los adultos mayores, muchas veces, es impactada por situaciones negativas. En este sentido, la fonoaudi\u00f3loga Yeleni Tejada, de la Policl\u00ednica Manuel Mar\u00eda Vald\u00e9s, en San Miguelito, explica que el principal problema al que se enfrentan es padecer des\u00f3rdenes del comportamiento o deterioro cognitivo, asociado a un posible d\u00e9ficit auditivo.<\/p>\n<p>Agreg\u00f3 que existen estudios que eval\u00faan estas bajas de umbrales auditivos, que permiten determinar los niveles de hipoacusias, que en algunos casos pueden incrementar el declive cognitivo relacionado con la edad, por ello, es importante abordar la p\u00e9rdida de audici\u00f3n en forma preventiva, con el m\u00e9dico de cabecera o medicina familiar, que solicite los estudios auditivos correspondientes.<\/p>\n<p>Cuando una persona tiene una p\u00e9rdida auditiva -indic\u00f3 la Lcda. Tejada- la informaci\u00f3n que recibe su cerebro es menor, debido a la baja parcial de su sensibilidad de audici\u00f3n. Esto conlleva una menor estimulaci\u00f3n en su corteza auditiva y un deterioro neuronal, lo que desencadena el d\u00e9ficit cognitivo.<\/p>\n<p>Estos son algunos signos de alerta, por los cuales deben buscar atenci\u00f3n de un especialista en otorrinolaringolog\u00eda y fonoaudiolog\u00eda:<\/p>\n<p>\u2022 Solicita clarificaci\u00f3n verbal constante durante una conversaci\u00f3n.<\/p>\n<p>\u2022 Dificultad en la audici\u00f3n cuando existe ruido ambiental.<\/p>\n<p>\u2022 Resistencia a la participaci\u00f3n social.<\/p>\n<p>\u2022Dificultad para escuchar sonidos como el tel\u00e9fono, el timbre de la puerta o el despertador, que s\u00ed perciben otras personas.<\/p>\n<p>La Lcda. Tejada explic\u00f3 que la implementaci\u00f3n de medidas preventivas y correctivas pueden reducir el impacto negativo en la vida de quienes sufren perdidas auditivas graves. Dentro de las medidas correctivas se pueden mencionar los auxiliares auditivos medicados y cirug\u00edas.<\/p>\n<p>Recomendaciones para el uso de auxiliares auditivos<\/p>\n<ul>\n<li>Utilizarlos el mayor tiempo posible, para que se produzca el proceso de aprendizaje y obtener mejores resultados.<\/li>\n<li>Evitar la humedad y el agua, no usar cuando se ducha o entra a una piscina.<\/li>\n<li>Visitar peri\u00f3dicamente el especialista de otorrino.<\/li>\n<li>La calidad del dispositivo es importante, lleve una audiometr\u00eda reciente a la hora de adquirir el dispositivo.<\/li>\n<\/ul>\n<p>De este modo evita cualquier da\u00f1o en el o\u00eddo, concluy\u00f3 la Lcda. Tejada.<\/p>\n<p>Fuente: CSS<\/p>\n<\/div><div class=\"awb-gallery-wrapper awb-gallery-wrapper-1 button-span-no\" style=\"--more-btn-alignment:center;\"><div style=\"margin:-5px;--awb-bordersize:0px;\" class=\"fusion-gallery fusion-gallery-container fusion-grid-3 fusion-columns-total-2 fusion-gallery-layout-grid fusion-gallery-1\"><div style=\"padding:5px;\" class=\"fusion-grid-column fusion-gallery-column fusion-gallery-column-3 hover-type-none\"><div class=\"fusion-gallery-image\"><a href=\"https:\/\/sertv.gob.pa\/crisolfm\/wp-content\/uploads\/sites\/2\/2024\/10\/DISCAPACIDAD-AUDITIVA-1.jpg\" rel=\"noreferrer\" data-rel=\"iLightbox[gallery_image_1]\" class=\"fusion-lightbox\" target=\"_self\"><img decoding=\"async\" src=\"https:\/\/sertv.gob.pa\/crisolfm\/wp-content\/uploads\/sites\/2\/2024\/10\/DISCAPACIDAD-AUDITIVA-1.jpg\" width=\"768\" height=\"512\" alt=\"\" title=\"DISCAPACIDAD AUDITIVA 1\" aria-label=\"DISCAPACIDAD AUDITIVA 1\" class=\"img-responsive wp-image-65919\" srcset=\"https:\/\/sertv.gob.pa\/crisolfm\/wp-content\/uploads\/sites\/2\/2024\/10\/DISCAPACIDAD-AUDITIVA-1-200x133.jpg 200w, https:\/\/sertv.gob.pa\/crisolfm\/wp-content\/uploads\/sites\/2\/2024\/10\/DISCAPACIDAD-AUDITIVA-1-400x267.jpg 400w, https:\/\/sertv.gob.pa\/crisolfm\/wp-content\/uploads\/sites\/2\/2024\/10\/DISCAPACIDAD-AUDITIVA-1-600x400.jpg 600w, https:\/\/sertv.gob.pa\/crisolfm\/wp-content\/uploads\/sites\/2\/2024\/10\/DISCAPACIDAD-AUDITIVA-1.jpg 768w\" sizes=\"(min-width: 2200px) 100vw, (min-width: 784px) 363px, (min-width: 712px) 545px, (min-width: 640px) 712px, \" \/><\/a><\/div><\/div><div style=\"padding:5px;\" class=\"fusion-grid-column fusion-gallery-column fusion-gallery-column-3 hover-type-none\"><div class=\"fusion-gallery-image\"><a href=\"https:\/\/sertv.gob.pa\/crisolfm\/wp-content\/uploads\/sites\/2\/2024\/10\/DISCAPACIDAD-AUDITIVA-2.jpg\" rel=\"noreferrer\" data-rel=\"iLightbox[gallery_image_1]\" class=\"fusion-lightbox\" target=\"_self\"><img decoding=\"async\" src=\"https:\/\/sertv.gob.pa\/crisolfm\/wp-content\/uploads\/sites\/2\/2024\/10\/DISCAPACIDAD-AUDITIVA-2.jpg\" width=\"768\" height=\"512\" alt=\"\" title=\"DISCAPACIDAD AUDITIVA 2\" aria-label=\"DISCAPACIDAD AUDITIVA 2\" class=\"img-responsive wp-image-65920\" srcset=\"https:\/\/sertv.gob.pa\/crisolfm\/wp-content\/uploads\/sites\/2\/2024\/10\/DISCAPACIDAD-AUDITIVA-2-200x133.jpg 200w, https:\/\/sertv.gob.pa\/crisolfm\/wp-content\/uploads\/sites\/2\/2024\/10\/DISCAPACIDAD-AUDITIVA-2-400x267.jpg 400w, https:\/\/sertv.gob.pa\/crisolfm\/wp-content\/uploads\/sites\/2\/2024\/10\/DISCAPACIDAD-AUDITIVA-2-600x400.jpg 600w, https:\/\/sertv.gob.pa\/crisolfm\/wp-content\/uploads\/sites\/2\/2024\/10\/DISCAPACIDAD-AUDITIVA-2.jpg 768w\" sizes=\"(min-width: 2200px) 100vw, (min-width: 784px) 363px, (min-width: 712px) 545px, (min-width: 640px) 712px, \" \/><\/a><\/div><\/div><\/div><\/div><\/div><\/div><\/div><\/div>\n","protected":false},"excerpt":{"rendered":"","protected":false},"author":9,"featured_media":65919,"comment_status":"closed","ping_status":"closed","sticky":false,"template":"","format":"standard","meta":{"footnotes":""},"categories":[14],"tags":[],"class_list":["post-65918","post","type-post","status-publish","format-standard","has-post-thumbnail","hentry","category-salud"],"_links":{"self":[{"href":"https:\/\/sertv.gob.pa\/crisolfm\/wp-json\/wp\/v2\/posts\/65918","targetHints":{"allow":["GET"]}}],"collection":[{"href":"https:\/\/sertv.gob.pa\/crisolfm\/wp-json\/wp\/v2\/posts"}],"about":[{"href":"https:\/\/sertv.gob.pa\/crisolfm\/wp-json\/wp\/v2\/types\/post"}],"author":[{"embeddable":true,"href":"https:\/\/sertv.gob.pa\/crisolfm\/wp-json\/wp\/v2\/users\/9"}],"replies":[{"embeddable":true,"href":"https:\/\/sertv.gob.pa\/crisolfm\/wp-json\/wp\/v2\/comments?post=65918"}],"version-history":[{"count":1,"href":"https:\/\/sertv.gob.pa\/crisolfm\/wp-json\/wp\/v2\/posts\/65918\/revisions"}],"predecessor-version":[{"id":65921,"href":"https:\/\/sertv.gob.pa\/crisolfm\/wp-json\/wp\/v2\/posts\/65918\/revisions\/65921"}],"wp:featuredmedia":[{"embeddable":true,"href":"https:\/\/sertv.gob.pa\/crisolfm\/wp-json\/wp\/v2\/media\/65919"}],"wp:attachment":[{"href":"https:\/\/sertv.gob.pa\/crisolfm\/wp-json\/wp\/v2\/media?parent=65918"}],"wp:term":[{"taxonomy":"category","embeddable":true,"href":"https:\/\/sertv.gob.pa\/crisolfm\/wp-json\/wp\/v2\/categories?post=65918"},{"taxonomy":"post_tag","embeddable":true,"href":"https:\/\/sertv.gob.pa\/crisolfm\/wp-json\/wp\/v2\/tags?post=65918"}],"curies":[{"name":"wp","href":"https:\/\/api.w.org\/{rel}","templated":true}]}}