{"id":65922,"date":"2024-10-16T17:27:17","date_gmt":"2024-10-16T17:27:17","guid":{"rendered":"https:\/\/sertv.gob.pa\/crisolfm\/?p=65922"},"modified":"2024-10-16T17:27:17","modified_gmt":"2024-10-16T17:27:17","slug":"minsa-participa-en-taller-de-capacitacion-sobre-osteoporosis","status":"publish","type":"post","link":"https:\/\/sertv.gob.pa\/crisolfm\/minsa-participa-en-taller-de-capacitacion-sobre-osteoporosis\/","title":{"rendered":"MINSA participa en taller de Capacitaci\u00f3n sobre Osteoporosis"},"content":{"rendered":"<p style=\"text-align: left\"><strong>Panam\u00e1,\u00a0<\/strong><\/p>\n<p style=\"text-align: left\"><strong>El Misterio de Salud\u00a0 de Panam\u00e1 (MINSA), en coordinaci\u00f3n con la Alcald\u00eda de Panam\u00e1, la Direcci\u00f3n Nacional de Promoci\u00f3n para la Salud y la Fundaci\u00f3n de Osteoporosis y Enfermedades del Metabolismo \u00d3seo (FOSEMO), llevaron a cabo, un taller de capacitaci\u00f3n que se extiende hasta el 20 octubre, en el marco del D\u00eda Mundial de la Osteoporosis.<\/strong><\/p>\n<p style=\"text-align: left\"><strong>Ana Helena Mata, directora nacional de Promoci\u00f3n para la Salud, indic\u00f3 que, entre las funciones ejecutivas del departamento se encuentran el desarrollo y la implementaci\u00f3n de pol\u00edticas y normas de protecci\u00f3n de la salud, as\u00ed como la coordinaci\u00f3n de iniciativas como Municipios Saludables, Escuelas Promotoras y Ambientes Laborables Saludables, con el fin de garantizar la aplicaci\u00f3n de estrategias orientadas al bienestar integral de la poblaci\u00f3n paname\u00f1a.<\/strong><\/p>\n<p style=\"text-align: left\"><strong>Por su parte, Joan Levin, presidenta de la fundaci\u00f3n FOSEMO, manifest\u00f3 que, el D\u00eda Mundial de la Osteoporosis, siempre es conmemorado por esta organizaci\u00f3n realizando distintos eventos y en esta ocasi\u00f3n con estos talleres de capacitaci\u00f3n sobre la osteoporosis.<\/strong><\/p>\n<p style=\"text-align: left\"><strong>Levin, record\u00f3 que, la osteoporosis, es una enfermedad caracterizada por la disminuci\u00f3n de la densidad \u00f3sea, y el deterioro de la estructura del hueso. Se desarrolla sin s\u00edntomas, evidente hasta que ocurre una fractura com\u00fanmente en la cadera.<\/strong><\/p>\n<p style=\"text-align: left\"><strong>\u201cEntre los factores de riesgo est\u00e1 la edad, el g\u00e9nero (m\u00e1s com\u00fan en mujeres), antecedentes familiares, falta de actividad f\u00edsica, deficiencia nutricionales, falta de calcio y vitamina D, el diagnostico se realiza mediante estudios de densidad \u00f3sea, y el tratamiento puede incluir medicamentos, cambios en la dieta y ejercicios.\u201d, finaliz\u00f3 Levin.<\/strong><\/p>\n<p>&nbsp;<\/p>\n<p>Fuente: MINSA<\/p>\n","protected":false},"excerpt":{"rendered":"<p>Panam\u00e1,\u00a0 El Misterio de Salud\u00a0 de Panam\u00e1 (MINSA), en coordinaci\u00f3n <a href=\"https:\/\/sertv.gob.pa\/crisolfm\/minsa-participa-en-taller-de-capacitacion-sobre-osteoporosis\/\"> [&#8230;]<\/a><\/p>\n","protected":false},"author":9,"featured_media":65923,"comment_status":"closed","ping_status":"closed","sticky":false,"template":"","format":"standard","meta":{"footnotes":""},"categories":[14],"tags":[],"class_list":["post-65922","post","type-post","status-publish","format-standard","has-post-thumbnail","hentry","category-salud"],"_links":{"self":[{"href":"https:\/\/sertv.gob.pa\/crisolfm\/wp-json\/wp\/v2\/posts\/65922","targetHints":{"allow":["GET"]}}],"collection":[{"href":"https:\/\/sertv.gob.pa\/crisolfm\/wp-json\/wp\/v2\/posts"}],"about":[{"href":"https:\/\/sertv.gob.pa\/crisolfm\/wp-json\/wp\/v2\/types\/post"}],"author":[{"embeddable":true,"href":"https:\/\/sertv.gob.pa\/crisolfm\/wp-json\/wp\/v2\/users\/9"}],"replies":[{"embeddable":true,"href":"https:\/\/sertv.gob.pa\/crisolfm\/wp-json\/wp\/v2\/comments?post=65922"}],"version-history":[{"count":1,"href":"https:\/\/sertv.gob.pa\/crisolfm\/wp-json\/wp\/v2\/posts\/65922\/revisions"}],"predecessor-version":[{"id":65924,"href":"https:\/\/sertv.gob.pa\/crisolfm\/wp-json\/wp\/v2\/posts\/65922\/revisions\/65924"}],"wp:featuredmedia":[{"embeddable":true,"href":"https:\/\/sertv.gob.pa\/crisolfm\/wp-json\/wp\/v2\/media\/65923"}],"wp:attachment":[{"href":"https:\/\/sertv.gob.pa\/crisolfm\/wp-json\/wp\/v2\/media?parent=65922"}],"wp:term":[{"taxonomy":"category","embeddable":true,"href":"https:\/\/sertv.gob.pa\/crisolfm\/wp-json\/wp\/v2\/categories?post=65922"},{"taxonomy":"post_tag","embeddable":true,"href":"https:\/\/sertv.gob.pa\/crisolfm\/wp-json\/wp\/v2\/tags?post=65922"}],"curies":[{"name":"wp","href":"https:\/\/api.w.org\/{rel}","templated":true}]}}