{"id":66110,"date":"2024-10-21T17:59:48","date_gmt":"2024-10-21T17:59:48","guid":{"rendered":"https:\/\/sertv.gob.pa\/crisolfm\/?p=66110"},"modified":"2024-10-21T17:59:48","modified_gmt":"2024-10-21T17:59:48","slug":"soledad-en-adultos-mayores-un-llamado-a-la-accion","status":"publish","type":"post","link":"https:\/\/sertv.gob.pa\/crisolfm\/soledad-en-adultos-mayores-un-llamado-a-la-accion\/","title":{"rendered":"Soledad en adultos mayores: Un llamado a la acci\u00f3n"},"content":{"rendered":"<p style=\"text-align: left\"><strong>La soledad se ha convertido en un desaf\u00edo significativo para muchos adultos mayores que acuden al Hospital Dr. Rafael Hern\u00e1ndez L., de David, situaci\u00f3n que va en aumento, esto no solo afecta la calidad de vida del adulto mayor, sino que tambi\u00e9n tiene repercusiones en su salud f\u00edsica y mental.<\/strong><\/p>\n<p style=\"text-align: left\"><strong>La licenciada Karen Fern\u00e1ndez, supervisora de Trabajo Social en el Hospital Dr. Rafael Hern\u00e1ndez, expres\u00f3 que, con mucha frecuencia, esto se da en personas que viven solas, ya sea por la edad, reducci\u00f3n de movilidad o cuidados especiales, que tienen que enfrentar diagn\u00f3sticos al final de su vida, y requieren acompa\u00f1amiento por diferentes motivos.<\/strong><\/p>\n<p style=\"text-align: left\"><strong>\u00abLastimosamente, no se tienen albergues o asilos. No es f\u00e1cil cuando la persona ha finalizado sus tratamientos y requiere retornar a un hogar y ya no lo tienen, hemos tenido personas que se han quedado en el hospital uno y dos a\u00f1os y han fallecido en la instalaci\u00f3n\u00bb, a\u00f1adi\u00f3 la Lcda. Fern\u00e1ndez.<\/strong><\/p>\n<p style=\"text-align: left\"><strong>La especialista enfatiz\u00f3 en que la sociedad debe tomar conciencia de la importancia de cuidar la salud f\u00edsica y emocional de los adultos mayores.<\/strong><\/p>\n<p style=\"text-align: left\">\n<p style=\"text-align: left\"><strong>Fuente: CSS<\/strong><\/p>\n","protected":false},"excerpt":{"rendered":"<p>La soledad se ha convertido en un desaf\u00edo significativo para <a href=\"https:\/\/sertv.gob.pa\/crisolfm\/soledad-en-adultos-mayores-un-llamado-a-la-accion\/\"> [&#8230;]<\/a><\/p>\n","protected":false},"author":9,"featured_media":66111,"comment_status":"closed","ping_status":"closed","sticky":false,"template":"","format":"standard","meta":{"footnotes":""},"categories":[14],"tags":[],"class_list":["post-66110","post","type-post","status-publish","format-standard","has-post-thumbnail","hentry","category-salud"],"_links":{"self":[{"href":"https:\/\/sertv.gob.pa\/crisolfm\/wp-json\/wp\/v2\/posts\/66110","targetHints":{"allow":["GET"]}}],"collection":[{"href":"https:\/\/sertv.gob.pa\/crisolfm\/wp-json\/wp\/v2\/posts"}],"about":[{"href":"https:\/\/sertv.gob.pa\/crisolfm\/wp-json\/wp\/v2\/types\/post"}],"author":[{"embeddable":true,"href":"https:\/\/sertv.gob.pa\/crisolfm\/wp-json\/wp\/v2\/users\/9"}],"replies":[{"embeddable":true,"href":"https:\/\/sertv.gob.pa\/crisolfm\/wp-json\/wp\/v2\/comments?post=66110"}],"version-history":[{"count":1,"href":"https:\/\/sertv.gob.pa\/crisolfm\/wp-json\/wp\/v2\/posts\/66110\/revisions"}],"predecessor-version":[{"id":66112,"href":"https:\/\/sertv.gob.pa\/crisolfm\/wp-json\/wp\/v2\/posts\/66110\/revisions\/66112"}],"wp:featuredmedia":[{"embeddable":true,"href":"https:\/\/sertv.gob.pa\/crisolfm\/wp-json\/wp\/v2\/media\/66111"}],"wp:attachment":[{"href":"https:\/\/sertv.gob.pa\/crisolfm\/wp-json\/wp\/v2\/media?parent=66110"}],"wp:term":[{"taxonomy":"category","embeddable":true,"href":"https:\/\/sertv.gob.pa\/crisolfm\/wp-json\/wp\/v2\/categories?post=66110"},{"taxonomy":"post_tag","embeddable":true,"href":"https:\/\/sertv.gob.pa\/crisolfm\/wp-json\/wp\/v2\/tags?post=66110"}],"curies":[{"name":"wp","href":"https:\/\/api.w.org\/{rel}","templated":true}]}}