{"id":6612,"date":"2016-11-01T19:18:17","date_gmt":"2016-11-01T19:18:17","guid":{"rendered":""},"modified":"2016-11-01T19:18:17","modified_gmt":"2016-11-01T19:18:17","slug":"plan-del-agua-es-puesto-en-marcha-por-miambiente","status":"publish","type":"post","link":"https:\/\/sertv.gob.pa\/crisolfm\/plan-del-agua-es-puesto-en-marcha-por-miambiente\/","title":{"rendered":"\u201cPlan del agua\u201d es puesto en marcha por MiAmbiente"},"content":{"rendered":"<p>\nLa ministra de Ambiente, Mirei Endara, aprovech\u00f3 el \u00faltimo Consejo de Gabinete, realizado \u00a0en R\u00edo Indio, provincia de Col\u00f3n, para presentar formalmente el Plan de Trabajo del Plan Nacional de Seguridad H\u00eddrica (PNSH) 2015-2050 &lsquo;Agua para Todos&#8217;, del Consejo Nacional del Agua (Conagua) para 2016-2017, que implementar\u00e1 medidas encaminadas a mejorar la calidad de vida, respaldar el crecimiento econ\u00f3mico y la integridad ambiental. <\/p>\n<p>Seg\u00fan registra la p\u00e1gina web del ministerio, Endara destac\u00f3 que el trabajo de 2016-2018 de &lsquo;Agua para Todos&#8217;, de acuerdo a la meta &lsquo;Acceso universal al agua de calidad y servicios de saneamiento&#8217;, se enfocar\u00e1 en efectuar un diagn\u00f3stico de infraestructura de agua y saneamiento, costo de mantenimiento y sostenibilidad; evaluaci\u00f3n de costos del acceso universal ininterrumpido de agua de calidad y servicios de saneamiento, adem\u00e1s de establecer programa de eficiencia de abastecimiento, suministro, reducci\u00f3n p\u00e9rdida y recirculaci\u00f3n. <\/p>\n<p>Para cumplir con la meta &lsquo;Disponibilidad de agua para el desarrollo socioecon\u00f3mico inclusivo&#8217;, se trabajar\u00e1 en establecer sistemas de abastecimiento de agua y riego de precisi\u00f3n, estudios de pre inversi\u00f3n (sociales, ambientales, t\u00e9cnicos, hidrol\u00f3gicos) y de nuevos reservorios multiprop\u00f3sito (lago Bayano, r\u00edos Indio, Santa Mar\u00eda y La Villa), agrega la fuente. <\/p>\n<p>Mientras que en la meta &lsquo;Gesti\u00f3n preventiva de los riesgos relacionados con el agua&#8217;, se pretende fortalecer e integrar la red de estaciones hidrol\u00f3gicas y meteorol\u00f3gicas a nivel nacional y el dise\u00f1o implementaci\u00f3n del Programa Nacional de Gesti\u00f3n de Extremos Hidrol\u00f3gicos (temporada seca y lluviosa) en cuencas prioritarias. <\/p>\n<p>\u00a0 <\/p>\n","protected":false},"excerpt":{"rendered":"<p>La ministra de Ambiente, Mirei Endara, aprovech\u00f3 el \u00faltimo Consejo <a href=\"https:\/\/sertv.gob.pa\/crisolfm\/plan-del-agua-es-puesto-en-marcha-por-miambiente\/\"> [&#8230;]<\/a><\/p>\n","protected":false},"author":1,"featured_media":6613,"comment_status":"closed","ping_status":"closed","sticky":false,"template":"","format":"standard","meta":{"footnotes":""},"categories":[7],"tags":[],"class_list":["post-6612","post","type-post","status-publish","format-standard","has-post-thumbnail","hentry","category-ecologicas"],"_links":{"self":[{"href":"https:\/\/sertv.gob.pa\/crisolfm\/wp-json\/wp\/v2\/posts\/6612","targetHints":{"allow":["GET"]}}],"collection":[{"href":"https:\/\/sertv.gob.pa\/crisolfm\/wp-json\/wp\/v2\/posts"}],"about":[{"href":"https:\/\/sertv.gob.pa\/crisolfm\/wp-json\/wp\/v2\/types\/post"}],"author":[{"embeddable":true,"href":"https:\/\/sertv.gob.pa\/crisolfm\/wp-json\/wp\/v2\/users\/1"}],"replies":[{"embeddable":true,"href":"https:\/\/sertv.gob.pa\/crisolfm\/wp-json\/wp\/v2\/comments?post=6612"}],"version-history":[{"count":0,"href":"https:\/\/sertv.gob.pa\/crisolfm\/wp-json\/wp\/v2\/posts\/6612\/revisions"}],"wp:featuredmedia":[{"embeddable":true,"href":"https:\/\/sertv.gob.pa\/crisolfm\/wp-json\/wp\/v2\/media\/6613"}],"wp:attachment":[{"href":"https:\/\/sertv.gob.pa\/crisolfm\/wp-json\/wp\/v2\/media?parent=6612"}],"wp:term":[{"taxonomy":"category","embeddable":true,"href":"https:\/\/sertv.gob.pa\/crisolfm\/wp-json\/wp\/v2\/categories?post=6612"},{"taxonomy":"post_tag","embeddable":true,"href":"https:\/\/sertv.gob.pa\/crisolfm\/wp-json\/wp\/v2\/tags?post=6612"}],"curies":[{"name":"wp","href":"https:\/\/api.w.org\/{rel}","templated":true}]}}