{"id":6614,"date":"2016-11-02T14:46:32","date_gmt":"2016-11-02T14:46:32","guid":{"rendered":""},"modified":"2016-11-02T14:46:32","modified_gmt":"2016-11-02T14:46:32","slug":"mejoras-al-parque-nacional-volcan-baru","status":"publish","type":"post","link":"https:\/\/sertv.gob.pa\/crisolfm\/mejoras-al-parque-nacional-volcan-baru\/","title":{"rendered":"Mejoras al Parque Nacional Volc\u00e1n Bar\u00fa"},"content":{"rendered":"<p>\nPara un mejor aprovechamiento y utilizaci\u00f3n de lo que ofrece la naturaleza, sin ocasionarle da\u00f1o alguno, el Gobierno present\u00f3 el martes, 1 de noviembre, un \u00abPlan de Uso P\u00fablico del Parque Nacional Volc\u00e1n Bar\u00fa\u00bb cuyas nuevas infraestructuras tendr\u00e1n un costo de unos $750 mil. <\/p>\n<p>La ministra de Ambiente, Mirei Endara, expres\u00f3 que es importante contar con instrumentos que gu\u00eden las inversiones que se efect\u00faan en las \u00e1reas protegidas, como el Volc\u00e1n Bar\u00fa. <\/p>\n<p>Indic\u00f3 que la inversi\u00f3n en este plan de uso estar\u00e1 coordinada con todos los interesados como son el sector privado, organizaciones y ambientalistas. <\/p>\n<p>\u00abSe tiene mucho espacio para crecer y mucha oportunidad de hacer un mercadeo para nuevos productos tur\u00edsticos verdes de la mano con la Autoridad de Turismo de Panam\u00e1\u00bb, a\u00f1adi\u00f3. <\/p>\n<p>Dijo que el plan implica capacitaci\u00f3n a gu\u00edas de turismo, guardaparques. Y se requieren de centros que puedan ofrecer caf\u00e9, ba\u00f1os, ventas de abrigos y art\u00edculos. <\/p>\n<p>\u00abQueremos que el visitante tenga una mejor experiencia al subir la cima y se sienta seguro al realizar esta aventura\u00bb, afirm\u00f3. <\/p>\n<p>Por su parte, el ministro de la Autoridad de Turismo, Gustavo Him, manifest\u00f3 que este plan va a permitir una mejor utilizaci\u00f3n del Parque Nacional Volc\u00e1n Bar\u00fa y conservarlo adecuadamente como un lugar tur\u00edstico verde, que es uno de los sitios m\u00e1s visitado por los turistas. <\/p>\n<p>Anualmente unos 6 mil turistas llegan al Volc\u00e1n Bar\u00fa, cifra que aumentar\u00eda con este plan seg\u00fan las autoridades. <\/p>\n<p>\u00a0 <\/p>\n","protected":false},"excerpt":{"rendered":"<p>Para un mejor aprovechamiento y utilizaci\u00f3n de lo que ofrece <a href=\"https:\/\/sertv.gob.pa\/crisolfm\/mejoras-al-parque-nacional-volcan-baru\/\"> [&#8230;]<\/a><\/p>\n","protected":false},"author":1,"featured_media":6615,"comment_status":"closed","ping_status":"closed","sticky":false,"template":"","format":"standard","meta":{"footnotes":""},"categories":[7],"tags":[],"class_list":["post-6614","post","type-post","status-publish","format-standard","has-post-thumbnail","hentry","category-ecologicas"],"_links":{"self":[{"href":"https:\/\/sertv.gob.pa\/crisolfm\/wp-json\/wp\/v2\/posts\/6614","targetHints":{"allow":["GET"]}}],"collection":[{"href":"https:\/\/sertv.gob.pa\/crisolfm\/wp-json\/wp\/v2\/posts"}],"about":[{"href":"https:\/\/sertv.gob.pa\/crisolfm\/wp-json\/wp\/v2\/types\/post"}],"author":[{"embeddable":true,"href":"https:\/\/sertv.gob.pa\/crisolfm\/wp-json\/wp\/v2\/users\/1"}],"replies":[{"embeddable":true,"href":"https:\/\/sertv.gob.pa\/crisolfm\/wp-json\/wp\/v2\/comments?post=6614"}],"version-history":[{"count":0,"href":"https:\/\/sertv.gob.pa\/crisolfm\/wp-json\/wp\/v2\/posts\/6614\/revisions"}],"wp:featuredmedia":[{"embeddable":true,"href":"https:\/\/sertv.gob.pa\/crisolfm\/wp-json\/wp\/v2\/media\/6615"}],"wp:attachment":[{"href":"https:\/\/sertv.gob.pa\/crisolfm\/wp-json\/wp\/v2\/media?parent=6614"}],"wp:term":[{"taxonomy":"category","embeddable":true,"href":"https:\/\/sertv.gob.pa\/crisolfm\/wp-json\/wp\/v2\/categories?post=6614"},{"taxonomy":"post_tag","embeddable":true,"href":"https:\/\/sertv.gob.pa\/crisolfm\/wp-json\/wp\/v2\/tags?post=6614"}],"curies":[{"name":"wp","href":"https:\/\/api.w.org\/{rel}","templated":true}]}}