{"id":66166,"date":"2024-10-22T15:30:22","date_gmt":"2024-10-22T15:30:22","guid":{"rendered":"https:\/\/sertv.gob.pa\/crisolfm\/?p=66166"},"modified":"2024-10-22T15:30:22","modified_gmt":"2024-10-22T15:30:22","slug":"salud-bucal-en-la-infancia-clave-para-un-futuro-libre-de-caries","status":"publish","type":"post","link":"https:\/\/sertv.gob.pa\/crisolfm\/salud-bucal-en-la-infancia-clave-para-un-futuro-libre-de-caries\/","title":{"rendered":"Salud bucal en la infancia, clave para un futuro libre de caries"},"content":{"rendered":"<p style=\"text-align: left\"><strong>La salud bucal de los ni\u00f1os, es un viaje que comienza, incluso antes de su nacimiento. La Dra. Dira Aparicio, odont\u00f3loga de la Policl\u00ednica de San Antonio, recomienda que \u201cla madre debe tener sus controles de salud, ya que, enfermedades avanzadas de las enc\u00edas pueden llevar a embarazos pret\u00e9rminos o a beb\u00e9s de bajo peso\u201d.<\/strong><\/p>\n<p style=\"text-align: left\"><strong>A medida que los ni\u00f1os crecen, la salud bucal contin\u00faa siendo crucial, especialmente al llegar a la edad escolar. A los 6 a\u00f1os, los ni\u00f1os experimentan la erupci\u00f3n del primer molar permanente, una etapa que requiere atenci\u00f3n especial.<\/strong><\/p>\n<p style=\"text-align: left\"><strong>\u00abLa elecci\u00f3n de la crema dental es otro aspecto importante en el crecimiento de los ni\u00f1os\u00bb.<\/strong><\/p>\n<p style=\"text-align: left\"><strong>\u201cPara ni\u00f1os menores de dos a\u00f1os, se recomienda una pasta sin fl\u00faor para evitar complicaciones. A partir de los 2 a\u00f1os, se puede usar una pasta con un m\u00ednimo de fl\u00faor, y para ni\u00f1os de seis a\u00f1os, una pasta de 1450 partes por mill\u00f3n es adecuada, esta observaci\u00f3n est\u00e1 en las cajas\u201d detall\u00f3 la especialista.<\/strong><\/p>\n<p style=\"text-align: left\"><strong>Cada tres meses o cuando este desgastados el cepillo dental debe ser cambiado. La odont\u00f3loga describi\u00f3 la t\u00e9cnica correcta de cepillado: \u201cEl cepillo debe colocarse a 45 grados en la enc\u00eda y barrer suavemente desde arriba hacia abajo, masajeando las enc\u00edas mientras se limpian todas las caras de los dientes.\u201d<\/strong><\/p>\n<p style=\"text-align: left\"><strong>El programa de salud bucal escolar, busca educar a los ni\u00f1os sobre el cuidado dental y aplicar tratamientos preventivos. \u201cSi educamos a nuestros ni\u00f1os y los llevamos a controles regulares, podemos lograr que crezcan sanos y libres de caries,\u201d concluye la Dra. Aparicio, enfatizando la importancia de la salud bucal no solo para el bienestar individual, sino tambi\u00e9n para la econom\u00eda de la salud p\u00fablica.<\/strong><\/p>\n<p>&nbsp;<\/p>\n<p>Fuente: CSS<\/p>\n","protected":false},"excerpt":{"rendered":"<p>La salud bucal de los ni\u00f1os, es un viaje que <a href=\"https:\/\/sertv.gob.pa\/crisolfm\/salud-bucal-en-la-infancia-clave-para-un-futuro-libre-de-caries\/\"> [&#8230;]<\/a><\/p>\n","protected":false},"author":9,"featured_media":66167,"comment_status":"closed","ping_status":"closed","sticky":false,"template":"","format":"standard","meta":{"footnotes":""},"categories":[14],"tags":[],"class_list":["post-66166","post","type-post","status-publish","format-standard","has-post-thumbnail","hentry","category-salud"],"_links":{"self":[{"href":"https:\/\/sertv.gob.pa\/crisolfm\/wp-json\/wp\/v2\/posts\/66166","targetHints":{"allow":["GET"]}}],"collection":[{"href":"https:\/\/sertv.gob.pa\/crisolfm\/wp-json\/wp\/v2\/posts"}],"about":[{"href":"https:\/\/sertv.gob.pa\/crisolfm\/wp-json\/wp\/v2\/types\/post"}],"author":[{"embeddable":true,"href":"https:\/\/sertv.gob.pa\/crisolfm\/wp-json\/wp\/v2\/users\/9"}],"replies":[{"embeddable":true,"href":"https:\/\/sertv.gob.pa\/crisolfm\/wp-json\/wp\/v2\/comments?post=66166"}],"version-history":[{"count":1,"href":"https:\/\/sertv.gob.pa\/crisolfm\/wp-json\/wp\/v2\/posts\/66166\/revisions"}],"predecessor-version":[{"id":66168,"href":"https:\/\/sertv.gob.pa\/crisolfm\/wp-json\/wp\/v2\/posts\/66166\/revisions\/66168"}],"wp:featuredmedia":[{"embeddable":true,"href":"https:\/\/sertv.gob.pa\/crisolfm\/wp-json\/wp\/v2\/media\/66167"}],"wp:attachment":[{"href":"https:\/\/sertv.gob.pa\/crisolfm\/wp-json\/wp\/v2\/media?parent=66166"}],"wp:term":[{"taxonomy":"category","embeddable":true,"href":"https:\/\/sertv.gob.pa\/crisolfm\/wp-json\/wp\/v2\/categories?post=66166"},{"taxonomy":"post_tag","embeddable":true,"href":"https:\/\/sertv.gob.pa\/crisolfm\/wp-json\/wp\/v2\/tags?post=66166"}],"curies":[{"name":"wp","href":"https:\/\/api.w.org\/{rel}","templated":true}]}}