{"id":66254,"date":"2024-10-23T19:15:51","date_gmt":"2024-10-23T19:15:51","guid":{"rendered":"https:\/\/sertv.gob.pa\/crisolfm\/?p=66254"},"modified":"2024-10-23T19:15:51","modified_gmt":"2024-10-23T19:15:51","slug":"administracion-mulino-expresa-su-apoyo-a-organismo-internacional-de-fiscalizacion","status":"publish","type":"post","link":"https:\/\/sertv.gob.pa\/crisolfm\/administracion-mulino-expresa-su-apoyo-a-organismo-internacional-de-fiscalizacion\/","title":{"rendered":"Administraci\u00f3n Mulino expresa su apoyo a organismo internacional de fiscalizaci\u00f3n"},"content":{"rendered":"<div class=\"fusion-fullwidth fullwidth-box fusion-builder-row-1 fusion-flex-container has-pattern-background has-mask-background nonhundred-percent-fullwidth non-hundred-percent-height-scrolling\" style=\"--awb-border-radius-top-left:0px;--awb-border-radius-top-right:0px;--awb-border-radius-bottom-right:0px;--awb-border-radius-bottom-left:0px;--awb-flex-wrap:wrap;\" ><div class=\"fusion-builder-row fusion-row fusion-flex-align-items-flex-start fusion-flex-content-wrap\" style=\"max-width:1144px;margin-left: calc(-4% \/ 2 );margin-right: calc(-4% \/ 2 );\"><div class=\"fusion-layout-column fusion_builder_column fusion-builder-column-0 fusion_builder_column_1_1 1_1 fusion-flex-column\" style=\"--awb-bg-size:cover;--awb-width-large:100%;--awb-margin-top-large:0px;--awb-spacing-right-large:1.92%;--awb-margin-bottom-large:20px;--awb-spacing-left-large:1.92%;--awb-width-medium:100%;--awb-order-medium:0;--awb-spacing-right-medium:1.92%;--awb-spacing-left-medium:1.92%;--awb-width-small:100%;--awb-order-small:0;--awb-spacing-right-small:1.92%;--awb-spacing-left-small:1.92%;\"><div class=\"fusion-column-wrapper fusion-column-has-shadow fusion-flex-justify-content-flex-start fusion-content-layout-column\"><div class=\"fusion-text fusion-text-1\"><p><strong>El Ministro de la Presidencia, Juan Carlos Orillac, extendi\u00f3 a los contralores y directores de entidades de fiscalizaci\u00f3n de Latinoam\u00e9rica, el mensaje del Presidente de la Rep\u00fablica de Panam\u00e1, Jos\u00e9 Ra\u00fal Mulino, de compromiso con la transparencia y el buen uso de los fondos p\u00fablicos.<\/strong><\/p>\n<p><strong>Durante su discurso en el acto de inauguraci\u00f3n de la XXXIII Asamblea Ordinaria de la Organizaci\u00f3n Latinoamericana y del Caribe de Entidades Fiscalizadoras Superiores (OLACEFS), el ministro Orillac, destac\u00f3 que, el trabajo de las contralor\u00edas refuerza el tejido de la democracia, y que la administraci\u00f3n Mulino, apoya la cooperaci\u00f3n internacional en materia de fiscalizaci\u00f3n.<\/strong><\/p>\n<p><strong>\u00abOLACEFS, como organizaci\u00f3n dedicada a la fiscalizaci\u00f3n y control de la gesti\u00f3n p\u00fablica, ha sido un pilar fundamental en la promoci\u00f3n de la integridad y la lucha contra la corrupci\u00f3n en nuestras naciones\u00bb, destac\u00f3 Orillac.<\/strong><\/p>\n<p><strong>Tambi\u00e9n manifest\u00f3, el firme apoyo del presidente Mulino, a los esfuerzos que desde la OLACEFS se llevan a cabo para fortalecer los principios de transparencia y buena gobernanza en toda la regi\u00f3n.<\/strong><\/p>\n<p><strong>\u00abEl combate contra la corrupci\u00f3n, es un reto constante en nuestras democracias. La corrupci\u00f3n -en cualquiera de sus formas- erosiona la confianza de los ciudadanos en sus instituciones, y debilita el desarrollo econ\u00f3mico y social. OLACEFS ha estado al frente de la batalla contra este flagelo\u00bb, reiter\u00f3.<\/strong><\/p>\n<p><strong>El ministro, asisti\u00f3 junto con el contralor general de la Rep\u00fablica designado, Anel Flores, y el actual contralor, Gerardo Sol\u00eds.<\/strong><\/p>\n<p>Fuente: Presidencia de la Rep\u00fablica de Panam\u00e1<\/p>\n<\/div><div class=\"awb-gallery-wrapper awb-gallery-wrapper-1 button-span-no\" style=\"--more-btn-alignment:center;\"><div style=\"margin:-5px;--awb-bordersize:0px;\" class=\"fusion-gallery fusion-gallery-container fusion-grid-3 fusion-columns-total-4 fusion-gallery-layout-grid fusion-gallery-1\"><div style=\"padding:5px;\" class=\"fusion-grid-column fusion-gallery-column fusion-gallery-column-3 hover-type-none\"><div class=\"fusion-gallery-image\"><a href=\"https:\/\/sertv.gob.pa\/crisolfm\/wp-content\/uploads\/sites\/2\/2024\/10\/MINISTRO-ORILLAC-2.jpeg\" rel=\"noreferrer\" data-rel=\"iLightbox[gallery_image_1]\" class=\"fusion-lightbox\" target=\"_self\"><img decoding=\"async\" src=\"https:\/\/sertv.gob.pa\/crisolfm\/wp-content\/uploads\/sites\/2\/2024\/10\/MINISTRO-ORILLAC-2.jpeg\" width=\"600\" height=\"400\" alt=\"\" title=\"MINISTRO ORILLAC 2\" aria-label=\"MINISTRO ORILLAC 2\" class=\"img-responsive wp-image-66256\" srcset=\"https:\/\/sertv.gob.pa\/crisolfm\/wp-content\/uploads\/sites\/2\/2024\/10\/MINISTRO-ORILLAC-2-200x133.jpeg 200w, https:\/\/sertv.gob.pa\/crisolfm\/wp-content\/uploads\/sites\/2\/2024\/10\/MINISTRO-ORILLAC-2-400x267.jpeg 400w, https:\/\/sertv.gob.pa\/crisolfm\/wp-content\/uploads\/sites\/2\/2024\/10\/MINISTRO-ORILLAC-2.jpeg 600w\" sizes=\"(min-width: 2200px) 100vw, (min-width: 784px) 363px, (min-width: 712px) 545px, (min-width: 640px) 712px, \" \/><\/a><\/div><\/div><div style=\"padding:5px;\" class=\"fusion-grid-column fusion-gallery-column fusion-gallery-column-3 hover-type-none\"><div class=\"fusion-gallery-image\"><a href=\"https:\/\/sertv.gob.pa\/crisolfm\/wp-content\/uploads\/sites\/2\/2024\/10\/MINISTRO-ORILLAC-3.jpeg\" rel=\"noreferrer\" data-rel=\"iLightbox[gallery_image_1]\" class=\"fusion-lightbox\" target=\"_self\"><img decoding=\"async\" src=\"https:\/\/sertv.gob.pa\/crisolfm\/wp-content\/uploads\/sites\/2\/2024\/10\/MINISTRO-ORILLAC-3.jpeg\" width=\"600\" height=\"400\" alt=\"\" title=\"MINISTRO ORILLAC 3\" aria-label=\"MINISTRO ORILLAC 3\" class=\"img-responsive wp-image-66257\" srcset=\"https:\/\/sertv.gob.pa\/crisolfm\/wp-content\/uploads\/sites\/2\/2024\/10\/MINISTRO-ORILLAC-3-200x133.jpeg 200w, https:\/\/sertv.gob.pa\/crisolfm\/wp-content\/uploads\/sites\/2\/2024\/10\/MINISTRO-ORILLAC-3-400x267.jpeg 400w, https:\/\/sertv.gob.pa\/crisolfm\/wp-content\/uploads\/sites\/2\/2024\/10\/MINISTRO-ORILLAC-3.jpeg 600w\" sizes=\"(min-width: 2200px) 100vw, (min-width: 784px) 363px, (min-width: 712px) 545px, (min-width: 640px) 712px, \" \/><\/a><\/div><\/div><div style=\"padding:5px;\" class=\"fusion-grid-column fusion-gallery-column fusion-gallery-column-3 hover-type-none\"><div class=\"fusion-gallery-image\"><a href=\"https:\/\/sertv.gob.pa\/crisolfm\/wp-content\/uploads\/sites\/2\/2024\/10\/MINISTRO-ORILLAC-4.jpeg\" rel=\"noreferrer\" data-rel=\"iLightbox[gallery_image_1]\" class=\"fusion-lightbox\" target=\"_self\"><img decoding=\"async\" src=\"https:\/\/sertv.gob.pa\/crisolfm\/wp-content\/uploads\/sites\/2\/2024\/10\/MINISTRO-ORILLAC-4.jpeg\" width=\"600\" height=\"400\" alt=\"\" title=\"MINISTRO ORILLAC 4\" aria-label=\"MINISTRO ORILLAC 4\" class=\"img-responsive wp-image-66258\" srcset=\"https:\/\/sertv.gob.pa\/crisolfm\/wp-content\/uploads\/sites\/2\/2024\/10\/MINISTRO-ORILLAC-4-200x133.jpeg 200w, https:\/\/sertv.gob.pa\/crisolfm\/wp-content\/uploads\/sites\/2\/2024\/10\/MINISTRO-ORILLAC-4-400x267.jpeg 400w, https:\/\/sertv.gob.pa\/crisolfm\/wp-content\/uploads\/sites\/2\/2024\/10\/MINISTRO-ORILLAC-4.jpeg 600w\" sizes=\"(min-width: 2200px) 100vw, (min-width: 784px) 363px, (min-width: 712px) 545px, (min-width: 640px) 712px, \" \/><\/a><\/div><\/div><div class=\"clearfix\"><\/div><div style=\"padding:5px;\" class=\"fusion-grid-column fusion-gallery-column fusion-gallery-column-3 hover-type-none\"><div class=\"fusion-gallery-image\"><a href=\"https:\/\/sertv.gob.pa\/crisolfm\/wp-content\/uploads\/sites\/2\/2024\/10\/MINISTRO-ORILLAC-5.jpeg\" rel=\"noreferrer\" data-rel=\"iLightbox[gallery_image_1]\" class=\"fusion-lightbox\" target=\"_self\"><img decoding=\"async\" src=\"https:\/\/sertv.gob.pa\/crisolfm\/wp-content\/uploads\/sites\/2\/2024\/10\/MINISTRO-ORILLAC-5.jpeg\" width=\"600\" height=\"400\" alt=\"\" title=\"MINISTRO ORILLAC 5\" aria-label=\"MINISTRO ORILLAC 5\" class=\"img-responsive wp-image-66259\" srcset=\"https:\/\/sertv.gob.pa\/crisolfm\/wp-content\/uploads\/sites\/2\/2024\/10\/MINISTRO-ORILLAC-5-200x133.jpeg 200w, https:\/\/sertv.gob.pa\/crisolfm\/wp-content\/uploads\/sites\/2\/2024\/10\/MINISTRO-ORILLAC-5-400x267.jpeg 400w, https:\/\/sertv.gob.pa\/crisolfm\/wp-content\/uploads\/sites\/2\/2024\/10\/MINISTRO-ORILLAC-5.jpeg 600w\" sizes=\"(min-width: 2200px) 100vw, (min-width: 784px) 363px, (min-width: 712px) 545px, (min-width: 640px) 712px, \" \/><\/a><\/div><\/div><\/div><\/div><\/div><\/div><\/div><\/div>\n","protected":false},"excerpt":{"rendered":"","protected":false},"author":9,"featured_media":66255,"comment_status":"closed","ping_status":"closed","sticky":false,"template":"","format":"standard","meta":{"footnotes":""},"categories":[12],"tags":[],"class_list":["post-66254","post","type-post","status-publish","format-standard","has-post-thumbnail","hentry","category-nacionales"],"_links":{"self":[{"href":"https:\/\/sertv.gob.pa\/crisolfm\/wp-json\/wp\/v2\/posts\/66254","targetHints":{"allow":["GET"]}}],"collection":[{"href":"https:\/\/sertv.gob.pa\/crisolfm\/wp-json\/wp\/v2\/posts"}],"about":[{"href":"https:\/\/sertv.gob.pa\/crisolfm\/wp-json\/wp\/v2\/types\/post"}],"author":[{"embeddable":true,"href":"https:\/\/sertv.gob.pa\/crisolfm\/wp-json\/wp\/v2\/users\/9"}],"replies":[{"embeddable":true,"href":"https:\/\/sertv.gob.pa\/crisolfm\/wp-json\/wp\/v2\/comments?post=66254"}],"version-history":[{"count":1,"href":"https:\/\/sertv.gob.pa\/crisolfm\/wp-json\/wp\/v2\/posts\/66254\/revisions"}],"predecessor-version":[{"id":66260,"href":"https:\/\/sertv.gob.pa\/crisolfm\/wp-json\/wp\/v2\/posts\/66254\/revisions\/66260"}],"wp:featuredmedia":[{"embeddable":true,"href":"https:\/\/sertv.gob.pa\/crisolfm\/wp-json\/wp\/v2\/media\/66255"}],"wp:attachment":[{"href":"https:\/\/sertv.gob.pa\/crisolfm\/wp-json\/wp\/v2\/media?parent=66254"}],"wp:term":[{"taxonomy":"category","embeddable":true,"href":"https:\/\/sertv.gob.pa\/crisolfm\/wp-json\/wp\/v2\/categories?post=66254"},{"taxonomy":"post_tag","embeddable":true,"href":"https:\/\/sertv.gob.pa\/crisolfm\/wp-json\/wp\/v2\/tags?post=66254"}],"curies":[{"name":"wp","href":"https:\/\/api.w.org\/{rel}","templated":true}]}}