{"id":6628,"date":"2016-11-07T15:33:54","date_gmt":"2016-11-07T15:33:54","guid":{"rendered":""},"modified":"2016-11-07T15:33:54","modified_gmt":"2016-11-07T15:33:54","slug":"plan-para-humedal-bahia-de-panama-tomara-mas-tiempo-del-previsto","status":"publish","type":"post","link":"https:\/\/sertv.gob.pa\/crisolfm\/plan-para-humedal-bahia-de-panama-tomara-mas-tiempo-del-previsto\/","title":{"rendered":"Plan para humedal bah\u00eda de Panam\u00e1 tomar\u00e1 m\u00e1s tiempo del previsto"},"content":{"rendered":"<p>\nEl plan de manejo para el humedal  bah\u00eda de Panam\u00e1 , que se extiende  desde el corregimiento de Juan D\u00edaz hasta el \u00e1rea de Chim\u00e1n , ambos en el distrito de Panam\u00e1, no estar\u00e1 listo a comienzos de 2017 como fue establecido por ley. <\/p>\n<p>\u00a0En ese sentido, la  Ley 1 del 2 de febrero del a\u00f1o 2015 , a trav\u00e9s de la cual se cre\u00f3 esa zona protegida, daba un plazo &ldquo;no mayor de dos a\u00f1os&rdquo; al Ministerio de Ambiente para crear ese plan, que ser\u00eda la hoja de ruta o parte operativa para manejar la reserva. <\/p>\n<p>Actualmente, esa entidad tiene menos de tres meses para tener el plan finalizado, sin embargo, confirmaron que todav\u00eda no inicia la elaboraci\u00f3n del documento. <\/p>\n<p>Marisol Dimas, jefa del Departamento de Manejo de \u00c1reas Protegidas del Ministerio de Ambiente, subray\u00f3 que el comienzo de la elaboraci\u00f3n del plan de manejo est\u00e1 sujeto a la firma de un convenio con el Ministerio de Salud. <\/p>\n<p>&ldquo;Se espera en 2017 implementar dicho convenio. El Ministerio de Ambiente, en conjunto con el Ministerio de Salud, se halla en el proceso de firma del convenio de cooperaci\u00f3n, para ejecutar varios proyectos en el \u00e1rea protegida&rdquo;, detall\u00f3 la funcionaria. <\/p>\n<p>Dimas indic\u00f3 que las fuentes de financiamiento para la elaboraci\u00f3n del plan de manejo y los proyectos en el humedal son el Banco Interamericano de Desarrollo (BID) y el Banco de Desarrollo de Am\u00e9rica Latina (CAF). <\/p>\n<p>Entre los proyectos a desarrollar dentro de ese refugio de vida silvestre est\u00e1n la construcci\u00f3n de tres puestos de control y vigilancia: en Juan D\u00edaz, Pacora y en otra parte del sector este del humedal. Igualmente se encuentra la instalaci\u00f3n de un centro de visitantes, una torre de monitoreo de especies migratorias (aves) y un sendero con se\u00f1alizaciones. <\/p>\n","protected":false},"excerpt":{"rendered":"<p>El plan de manejo para el humedal bah\u00eda de Panam\u00e1 <a href=\"https:\/\/sertv.gob.pa\/crisolfm\/plan-para-humedal-bahia-de-panama-tomara-mas-tiempo-del-previsto\/\"> [&#8230;]<\/a><\/p>\n","protected":false},"author":1,"featured_media":6629,"comment_status":"closed","ping_status":"closed","sticky":false,"template":"","format":"standard","meta":{"footnotes":""},"categories":[7],"tags":[],"class_list":["post-6628","post","type-post","status-publish","format-standard","has-post-thumbnail","hentry","category-ecologicas"],"_links":{"self":[{"href":"https:\/\/sertv.gob.pa\/crisolfm\/wp-json\/wp\/v2\/posts\/6628","targetHints":{"allow":["GET"]}}],"collection":[{"href":"https:\/\/sertv.gob.pa\/crisolfm\/wp-json\/wp\/v2\/posts"}],"about":[{"href":"https:\/\/sertv.gob.pa\/crisolfm\/wp-json\/wp\/v2\/types\/post"}],"author":[{"embeddable":true,"href":"https:\/\/sertv.gob.pa\/crisolfm\/wp-json\/wp\/v2\/users\/1"}],"replies":[{"embeddable":true,"href":"https:\/\/sertv.gob.pa\/crisolfm\/wp-json\/wp\/v2\/comments?post=6628"}],"version-history":[{"count":0,"href":"https:\/\/sertv.gob.pa\/crisolfm\/wp-json\/wp\/v2\/posts\/6628\/revisions"}],"wp:featuredmedia":[{"embeddable":true,"href":"https:\/\/sertv.gob.pa\/crisolfm\/wp-json\/wp\/v2\/media\/6629"}],"wp:attachment":[{"href":"https:\/\/sertv.gob.pa\/crisolfm\/wp-json\/wp\/v2\/media?parent=6628"}],"wp:term":[{"taxonomy":"category","embeddable":true,"href":"https:\/\/sertv.gob.pa\/crisolfm\/wp-json\/wp\/v2\/categories?post=6628"},{"taxonomy":"post_tag","embeddable":true,"href":"https:\/\/sertv.gob.pa\/crisolfm\/wp-json\/wp\/v2\/tags?post=6628"}],"curies":[{"name":"wp","href":"https:\/\/api.w.org\/{rel}","templated":true}]}}