{"id":66280,"date":"2024-10-24T16:36:52","date_gmt":"2024-10-24T16:36:52","guid":{"rendered":"https:\/\/sertv.gob.pa\/crisolfm\/?p=66280"},"modified":"2024-10-24T16:36:52","modified_gmt":"2024-10-24T16:36:52","slug":"direccion-nacional-de-enfermeria-recibe-a-representantes-del-consejo-internacional-de-enfermeria","status":"publish","type":"post","link":"https:\/\/sertv.gob.pa\/crisolfm\/direccion-nacional-de-enfermeria-recibe-a-representantes-del-consejo-internacional-de-enfermeria\/","title":{"rendered":"Direcci\u00f3n Nacional de Enfermer\u00eda recibe a representantes del Consejo Internacional de Enfermer\u00eda"},"content":{"rendered":"<p><strong>Panam\u00e1,\u00a0<\/strong><\/p>\n<p>&nbsp;<\/p>\n<p><strong>La Direcci\u00f3n Nacional de Enfermer\u00eda del Ministerio de Salud de Panam\u00e1, recibi\u00f3 en fecha reciente, la visita internacional de dos l\u00edderes mundiales. Se trata de Mar\u00eda Concepci\u00f3n Ch\u00e1vez, presidenta de la Federaci\u00f3n Panamericana de Profesionales de Enfermer\u00eda y Nora Eloisa Barahona de Pe\u00f1ate, miembros de la Junta Directiva del Consejo Internacional de Enfermeras.<\/strong><\/p>\n<p><strong>Eusebia Calder\u00f3n de Copete, jefa Nacional de Enfermer\u00eda del MINSA, destac\u00f3 nuestra participaci\u00f3n, ya que, Panam\u00e1, es signataria el Consejo Internacional de Enfermera que aglutina a m\u00e1s de 28 millones de enfermeras a nivel Mundial.<\/strong><\/p>\n<p><strong>Se\u00f1al\u00f3 que, en la Asociaci\u00f3n Nacional de Enfermer\u00eda est\u00e1 realizando la segunda etapa del curso \u201cLiderazgo y Pol\u00edticas P\u00fablicas dentro de la Disciplina de Enfermer\u00edas\u201d donde tenemos la representaci\u00f3n de 10 pa\u00edses.<\/strong><\/p>\n<p><strong>\u201cVamos a desarrollar, mejorar y reforzar los programas de salud p\u00fablica, en las \u00e1reas hospitalaria con relaci\u00f3n a la atenci\u00f3n a los pacientes, y vamos a obtener un poco m\u00e1s de recurso para volver a rescatar esas \u00e1reas de nuestra poblaci\u00f3n m\u00e1s vulnerables en nuestro pa\u00eds\u201d indic\u00f3 Copete.<\/strong><\/p>\n<p><strong>Nora Eloisa Barahona de Pe\u00f1ate, miembro de la Junta Directiva del Consejo Internacional de Enfermera y Representante de este Organismo para Am\u00e9rica Latina, expres\u00f3 sentirse honrada de conocer personalmente a las enfermeras paname\u00f1as.<\/strong><\/p>\n<p><strong>Manifest\u00f3 que, esta organizaci\u00f3n aglutina m\u00e1s de 28 millones de enfermeras en el mundo.<\/strong><\/p>\n<p><strong>\u201cHemos hecho un recorrido importante de los diferentes departamentos de esta Direcci\u00f3n, este en un logro importante para la enfermer\u00eda de Panam\u00e1 y tambi\u00e9n para su poblaci\u00f3n\u201d sostuvo Barahona.<\/strong><\/p>\n<p><strong>Por su parte Mar\u00eda Concepci\u00f3n Ch\u00e1vez presidenta de la Federaci\u00f3n Panamericana de Profesionales de Enfermer\u00eda (Feppen) manifest\u00f3 que la Organizaci\u00f3n representa a 20 pa\u00edses de Latino Am\u00e9rica y El Caribe desde M\u00e9xico hasta argentina, donde Panam\u00e1 es miembro.<\/strong><\/p>\n<p><strong>Ch\u00e1vez indic\u00f3 que el objetivo de su visita es la realizaci\u00f3n de la segunda etapa del Curso Liderazgo Internacional para enfermer\u00eda para Pol\u00edticas P\u00fablicas.<\/strong><\/p>\n<p><strong>\u201cEste es el segundo grupo que recibe la Capacitaci\u00f3n del Curso de Liderazgo Internacional de Enfermer\u00eda para Pol\u00edtica P\u00fablicas. El primer grupo recibi\u00f3 la capacitaci\u00f3n a finales de septiembres en Per\u00fa donde participaron 10 pa\u00edses es muy importante y trascendental que las enfermeras de Panam\u00e1 hallan logrado la creado su Direcci\u00f3n Nacional de enfermer\u00eda\u201d finaliz\u00f3 Ch\u00e1vez.<\/strong><\/p>\n<p><strong>Es importante se\u00f1alar que el nuevo edificio de dos plantas, est\u00e1 ubicado en las instalaciones de la sede principal del Ministerio de Salud y albergar\u00e1 a la Direcci\u00f3n Nacional de Enfermer\u00eda que dentro de su estructura cuenta con los departamentos de Enfermer\u00eda Hospitalaria; Enfermer\u00eda en Atenci\u00f3n Primaria; Docencia de Enfermer\u00eda; Gesti\u00f3n de Recursos Humanos de Enfermer\u00eda y de Enfermer\u00eda en Investigaci\u00f3n.<\/strong><\/p>\n<p>&nbsp;<\/p>\n<p><strong>Fuente: MINSA<\/strong><\/p>\n","protected":false},"excerpt":{"rendered":"<p>Panam\u00e1,\u00a0 &nbsp; La Direcci\u00f3n Nacional de Enfermer\u00eda del Ministerio de <a href=\"https:\/\/sertv.gob.pa\/crisolfm\/direccion-nacional-de-enfermeria-recibe-a-representantes-del-consejo-internacional-de-enfermeria\/\"> [&#8230;]<\/a><\/p>\n","protected":false},"author":9,"featured_media":66281,"comment_status":"closed","ping_status":"closed","sticky":false,"template":"","format":"standard","meta":{"footnotes":""},"categories":[14],"tags":[],"class_list":["post-66280","post","type-post","status-publish","format-standard","has-post-thumbnail","hentry","category-salud"],"_links":{"self":[{"href":"https:\/\/sertv.gob.pa\/crisolfm\/wp-json\/wp\/v2\/posts\/66280","targetHints":{"allow":["GET"]}}],"collection":[{"href":"https:\/\/sertv.gob.pa\/crisolfm\/wp-json\/wp\/v2\/posts"}],"about":[{"href":"https:\/\/sertv.gob.pa\/crisolfm\/wp-json\/wp\/v2\/types\/post"}],"author":[{"embeddable":true,"href":"https:\/\/sertv.gob.pa\/crisolfm\/wp-json\/wp\/v2\/users\/9"}],"replies":[{"embeddable":true,"href":"https:\/\/sertv.gob.pa\/crisolfm\/wp-json\/wp\/v2\/comments?post=66280"}],"version-history":[{"count":1,"href":"https:\/\/sertv.gob.pa\/crisolfm\/wp-json\/wp\/v2\/posts\/66280\/revisions"}],"predecessor-version":[{"id":66282,"href":"https:\/\/sertv.gob.pa\/crisolfm\/wp-json\/wp\/v2\/posts\/66280\/revisions\/66282"}],"wp:featuredmedia":[{"embeddable":true,"href":"https:\/\/sertv.gob.pa\/crisolfm\/wp-json\/wp\/v2\/media\/66281"}],"wp:attachment":[{"href":"https:\/\/sertv.gob.pa\/crisolfm\/wp-json\/wp\/v2\/media?parent=66280"}],"wp:term":[{"taxonomy":"category","embeddable":true,"href":"https:\/\/sertv.gob.pa\/crisolfm\/wp-json\/wp\/v2\/categories?post=66280"},{"taxonomy":"post_tag","embeddable":true,"href":"https:\/\/sertv.gob.pa\/crisolfm\/wp-json\/wp\/v2\/tags?post=66280"}],"curies":[{"name":"wp","href":"https:\/\/api.w.org\/{rel}","templated":true}]}}