{"id":6630,"date":"2016-11-07T15:50:26","date_gmt":"2016-11-07T15:50:26","guid":{"rendered":""},"modified":"2016-11-07T15:50:26","modified_gmt":"2016-11-07T15:50:26","slug":"matanza-de-gatos-causa-revuelo-en-redes-sociales","status":"publish","type":"post","link":"https:\/\/sertv.gob.pa\/crisolfm\/matanza-de-gatos-causa-revuelo-en-redes-sociales\/","title":{"rendered":"Matanza de gatos causa revuelo en redes sociales"},"content":{"rendered":"<p>\nAnte el revuelo ocasionado en redes sociales por la muerte de varios gatos dentro de las instalaciones de la  Universidad de Panam\u00e1 (UP) \u00a0se cre\u00f3 un movimiento que busca\u00a0recaudar firmas\u00a0que ayuden a buscar una soluci\u00f3n humana a la sobrepoblaci\u00f3n de estas especies en la casa de estudios superiores. <\/p>\n<p> Se trata de la comunidad &#8216;Protejamos a los gatos de la Universidad de Panam\u00e1&#8217; , que a la fecha\u00a0ha recaudado  mil 54 firmas , para poder presentarle una solicitud formal al rector de la UP,\u00a0 Eduardo Flores . Para ello aspiran llegar a las 2 mil r\u00fabricas. <\/p>\n<p>Este movimiento ha manifestado que\u00a0\u00aben los \u00faltimos d\u00edas se han hallado  m\u00e1s de 10 gatos muertos , incluso zarig\u00fceyas, en los predios de la UP, los est\u00e1n envenenando y a algunos golpeando hasta matarlos en horas de la noche cuando no hay personas presentes que puedan evitar estos actos\u00bb. <\/p>\n<p>De igual forman reiteran que han desaparecido un gran n\u00famero de estos animales en diferentes facultades. El problema de la sobrepoblaci\u00f3n de gatos en la Universidad debe ser atendido por las autoridades de la UP, pero la soluci\u00f3n que se busca no es\u00a0atentar contra la vida de estos seres vivos, seg\u00fan sustentan los miembros del movimiento.\u00a0 <\/p>\n<p>A trav\u00e9s de las distintas redes sociales se han manifestado personas apoyando esta iniciativa que busca proteger estos animales, donde citan la  \u00a0ley 70 de protecci\u00f3n animal en Panam\u00e1  que penaliza los malos\u00a0actos,\u00a0como el matarlos o desaparecerlos.\u00a0 <\/p>\n<p>El movimiento solicita que se cumpla la citada ley y se proteja a estos animales indefensos, a trav\u00e9s de la esterilizaci\u00f3n o la adopci\u00f3n responsable.\u00a0 <\/p>\n<p>Ante los se\u00f1alamientos expresados en redes sociales, el rector de la UP, Eduardo Flores, dijo que desde que est\u00e1 a cargo de la casa de estudios &ndash;a partir del 30 de septiembre&ndash; ha buscado una soluci\u00f3n adecuada a la sobrepoblaci\u00f3n de gatos en el campus central y el campus Harmodio Arias Madrid. <\/p>\n<p>\u00a0 <\/p>\n","protected":false},"excerpt":{"rendered":"<p>Ante el revuelo ocasionado en redes sociales por la muerte <a href=\"https:\/\/sertv.gob.pa\/crisolfm\/matanza-de-gatos-causa-revuelo-en-redes-sociales\/\"> [&#8230;]<\/a><\/p>\n","protected":false},"author":1,"featured_media":6631,"comment_status":"closed","ping_status":"closed","sticky":false,"template":"","format":"standard","meta":{"footnotes":""},"categories":[7],"tags":[],"class_list":["post-6630","post","type-post","status-publish","format-standard","has-post-thumbnail","hentry","category-ecologicas"],"_links":{"self":[{"href":"https:\/\/sertv.gob.pa\/crisolfm\/wp-json\/wp\/v2\/posts\/6630","targetHints":{"allow":["GET"]}}],"collection":[{"href":"https:\/\/sertv.gob.pa\/crisolfm\/wp-json\/wp\/v2\/posts"}],"about":[{"href":"https:\/\/sertv.gob.pa\/crisolfm\/wp-json\/wp\/v2\/types\/post"}],"author":[{"embeddable":true,"href":"https:\/\/sertv.gob.pa\/crisolfm\/wp-json\/wp\/v2\/users\/1"}],"replies":[{"embeddable":true,"href":"https:\/\/sertv.gob.pa\/crisolfm\/wp-json\/wp\/v2\/comments?post=6630"}],"version-history":[{"count":0,"href":"https:\/\/sertv.gob.pa\/crisolfm\/wp-json\/wp\/v2\/posts\/6630\/revisions"}],"wp:featuredmedia":[{"embeddable":true,"href":"https:\/\/sertv.gob.pa\/crisolfm\/wp-json\/wp\/v2\/media\/6631"}],"wp:attachment":[{"href":"https:\/\/sertv.gob.pa\/crisolfm\/wp-json\/wp\/v2\/media?parent=6630"}],"wp:term":[{"taxonomy":"category","embeddable":true,"href":"https:\/\/sertv.gob.pa\/crisolfm\/wp-json\/wp\/v2\/categories?post=6630"},{"taxonomy":"post_tag","embeddable":true,"href":"https:\/\/sertv.gob.pa\/crisolfm\/wp-json\/wp\/v2\/tags?post=6630"}],"curies":[{"name":"wp","href":"https:\/\/api.w.org\/{rel}","templated":true}]}}