{"id":66307,"date":"2024-10-25T15:22:03","date_gmt":"2024-10-25T15:22:03","guid":{"rendered":"https:\/\/sertv.gob.pa\/crisolfm\/?p=66307"},"modified":"2024-10-25T15:24:09","modified_gmt":"2024-10-25T15:24:09","slug":"jovenes-lideran-programa-del-aula-para-el-mundo","status":"publish","type":"post","link":"https:\/\/sertv.gob.pa\/crisolfm\/jovenes-lideran-programa-del-aula-para-el-mundo\/","title":{"rendered":"J\u00f3venes lideran programa \u00abDel Aula para el Mundo\u00bb"},"content":{"rendered":"<p style=\"text-align: left\"><strong>Los estudiantes de media de las 16 regiones del pa\u00eds, son los grandes protagonistas del lanzamiento del programa educativo <em>\u00abDel Aula para el Mundo\u00bb<\/em>, un espacio que el Ministerio de Educaci\u00f3n de Panam\u00e1, ha creado para que los j\u00f3venes detecten sus fortalezas, habilidades y talentos, expresen sus ideas las cultiven y desarrollen.<\/strong><\/p>\n<p style=\"text-align: left\"><strong>El proyecto, es coordinado por la direcci\u00f3n Nacional de Asuntos Estudiantiles, con el apoyo de las direcciones de Orientaci\u00f3n Educativa y Profesional, Educaci\u00f3n Comunitaria y Padres de Familia, Servicios Psicoeducativos y Educaci\u00f3n Especial, Adem\u00e1s de la participaci\u00f3n de la Direcci\u00f3n de Educaci\u00f3n Particular y el Instituto Paname\u00f1o de Habilitaci\u00f3n Especial (IPHE).<\/strong><\/p>\n<p style=\"text-align: left\"><strong>Este programa tiene varias fases, en la primera, los equipos psicosociales actuar\u00e1n como facilitadores para formar a los l\u00edderes estudiantiles de 10\u00b0, 11\u00b0 y 12 \u00b0. En la siguiente fase, los j\u00f3venes facilitaran el taller en primera instancia a sus grupos de clases y, posteriormente, replicar\u00e1n el taller a todos sus compa\u00f1eros de las escuelas y colegios que est\u00e9n a su alrededor.<\/strong><\/p>\n<p style=\"text-align: left\"><strong>Mario Bol\u00edvar, director Nacional de Asuntos Estudiantiles, dijo que, el programa <em>\u00abDel Aula para el Mundo\u00bb,<\/em> surgi\u00f3 de un primer encuentro que la ministra de educaci\u00f3n, Lucy Molinar, sostuvo con m\u00e1s de 200 estudiantes de todo el pa\u00eds, como una respuesta a las inquietudes y necesidades que est\u00e1n enfrentando los j\u00f3venes en sus entornos.<\/strong><\/p>\n<p style=\"text-align: left\"><strong><em>Estos talleres buscan capacitar y empoderar a los j\u00f3venes en temas como: valores, la paz y el liderazgo positivo, debates que tienen como prop\u00f3sito liderar y analizar sobre las posibles soluciones a temas preventivos.<\/em><\/strong><\/p>\n<p style=\"text-align: left\"><strong>Institutos como: el Jos\u00e9 Dolores M\u00f3scote, Elena Ch. de Pinate, El Fermin Naudeau y la escuela de Artes Diversificada, ya han comenzado a implementar las primeras fases del programa, involucrando activamente a los estudiantes en las diversas capacitaciones. Es el caso de la alumna, Alejandra Barr\u00eda, que cursa el und\u00e9cimo grado del Bachiller de Humanidades, quien manifest\u00f3 que, el programa es interesante e innovador porque ayuda a los j\u00f3venes a empoderarse y autoconocerse<\/strong><\/p>\n<p style=\"text-align: left\"><strong>Inspirado en el programa L\u00edderes dejando Huellas, los organizadores \u00abDel Aula para el Mundo\u00bb, buscan alcanzar a toda la poblaci\u00f3n estudiantil a mediados de noviembre, convirtiendo a los j\u00f3venes en nuevos l\u00edderes que aportar\u00e1n y compartir\u00e1n experiencias, conocimiento y aprendizajes con sus compa\u00f1eros.<\/strong><\/p>\n<p>Fuente: MEDUCA<\/p>\n","protected":false},"excerpt":{"rendered":"<p>Los estudiantes de media de las 16 regiones del pa\u00eds, <a href=\"https:\/\/sertv.gob.pa\/crisolfm\/jovenes-lideran-programa-del-aula-para-el-mundo\/\"> [&#8230;]<\/a><\/p>\n","protected":false},"author":9,"featured_media":66308,"comment_status":"closed","ping_status":"closed","sticky":false,"template":"","format":"standard","meta":{"footnotes":""},"categories":[12],"tags":[],"class_list":["post-66307","post","type-post","status-publish","format-standard","has-post-thumbnail","hentry","category-nacionales"],"_links":{"self":[{"href":"https:\/\/sertv.gob.pa\/crisolfm\/wp-json\/wp\/v2\/posts\/66307","targetHints":{"allow":["GET"]}}],"collection":[{"href":"https:\/\/sertv.gob.pa\/crisolfm\/wp-json\/wp\/v2\/posts"}],"about":[{"href":"https:\/\/sertv.gob.pa\/crisolfm\/wp-json\/wp\/v2\/types\/post"}],"author":[{"embeddable":true,"href":"https:\/\/sertv.gob.pa\/crisolfm\/wp-json\/wp\/v2\/users\/9"}],"replies":[{"embeddable":true,"href":"https:\/\/sertv.gob.pa\/crisolfm\/wp-json\/wp\/v2\/comments?post=66307"}],"version-history":[{"count":3,"href":"https:\/\/sertv.gob.pa\/crisolfm\/wp-json\/wp\/v2\/posts\/66307\/revisions"}],"predecessor-version":[{"id":66311,"href":"https:\/\/sertv.gob.pa\/crisolfm\/wp-json\/wp\/v2\/posts\/66307\/revisions\/66311"}],"wp:featuredmedia":[{"embeddable":true,"href":"https:\/\/sertv.gob.pa\/crisolfm\/wp-json\/wp\/v2\/media\/66308"}],"wp:attachment":[{"href":"https:\/\/sertv.gob.pa\/crisolfm\/wp-json\/wp\/v2\/media?parent=66307"}],"wp:term":[{"taxonomy":"category","embeddable":true,"href":"https:\/\/sertv.gob.pa\/crisolfm\/wp-json\/wp\/v2\/categories?post=66307"},{"taxonomy":"post_tag","embeddable":true,"href":"https:\/\/sertv.gob.pa\/crisolfm\/wp-json\/wp\/v2\/tags?post=66307"}],"curies":[{"name":"wp","href":"https:\/\/api.w.org\/{rel}","templated":true}]}}