{"id":66313,"date":"2024-10-25T15:54:18","date_gmt":"2024-10-25T15:54:18","guid":{"rendered":"https:\/\/sertv.gob.pa\/crisolfm\/?p=66313"},"modified":"2024-10-25T15:54:18","modified_gmt":"2024-10-25T15:54:18","slug":"policlinica-pablo-espinosa-batista-extendera-a-24-horas-el-servicio-de-urgencias","status":"publish","type":"post","link":"https:\/\/sertv.gob.pa\/crisolfm\/policlinica-pablo-espinosa-batista-extendera-a-24-horas-el-servicio-de-urgencias\/","title":{"rendered":"Policl\u00ednica Pablo Espinosa Batista extender\u00e1 a 24 horas el servicio de urgencias"},"content":{"rendered":"<p><em><strong>La Direcci\u00f3n M\u00e9dica de la Policl\u00ednica Pablo Espinosa Batista, de la Caja de Seguro Social en Bugaba, informan a los usuarios del cuarto de urgencias que, debido a la afluencia de pacientes durante las festividades patrias en el mes de noviembre, extender\u00e1 su horario de atenci\u00f3n a 24 horas.<\/strong><\/em><\/p>\n<p><em><strong>Esto ser\u00e1 los d\u00edas 2, 3, 4, 5, 6, 9, 10, 11 y 12 de noviembre. Se les exhorta a los usuarios utilizar adecuadamente este servicio, con urgencias verdaderas.<\/strong><\/em><\/p>\n<p>&nbsp;<\/p>\n<p>Fuente: CSS<\/p>\n","protected":false},"excerpt":{"rendered":"<p>La Direcci\u00f3n M\u00e9dica de la Policl\u00ednica Pablo Espinosa Batista, de <a href=\"https:\/\/sertv.gob.pa\/crisolfm\/policlinica-pablo-espinosa-batista-extendera-a-24-horas-el-servicio-de-urgencias\/\"> [&#8230;]<\/a><\/p>\n","protected":false},"author":9,"featured_media":66314,"comment_status":"closed","ping_status":"closed","sticky":false,"template":"","format":"standard","meta":{"footnotes":""},"categories":[12],"tags":[],"class_list":["post-66313","post","type-post","status-publish","format-standard","has-post-thumbnail","hentry","category-nacionales"],"_links":{"self":[{"href":"https:\/\/sertv.gob.pa\/crisolfm\/wp-json\/wp\/v2\/posts\/66313","targetHints":{"allow":["GET"]}}],"collection":[{"href":"https:\/\/sertv.gob.pa\/crisolfm\/wp-json\/wp\/v2\/posts"}],"about":[{"href":"https:\/\/sertv.gob.pa\/crisolfm\/wp-json\/wp\/v2\/types\/post"}],"author":[{"embeddable":true,"href":"https:\/\/sertv.gob.pa\/crisolfm\/wp-json\/wp\/v2\/users\/9"}],"replies":[{"embeddable":true,"href":"https:\/\/sertv.gob.pa\/crisolfm\/wp-json\/wp\/v2\/comments?post=66313"}],"version-history":[{"count":1,"href":"https:\/\/sertv.gob.pa\/crisolfm\/wp-json\/wp\/v2\/posts\/66313\/revisions"}],"predecessor-version":[{"id":66315,"href":"https:\/\/sertv.gob.pa\/crisolfm\/wp-json\/wp\/v2\/posts\/66313\/revisions\/66315"}],"wp:featuredmedia":[{"embeddable":true,"href":"https:\/\/sertv.gob.pa\/crisolfm\/wp-json\/wp\/v2\/media\/66314"}],"wp:attachment":[{"href":"https:\/\/sertv.gob.pa\/crisolfm\/wp-json\/wp\/v2\/media?parent=66313"}],"wp:term":[{"taxonomy":"category","embeddable":true,"href":"https:\/\/sertv.gob.pa\/crisolfm\/wp-json\/wp\/v2\/categories?post=66313"},{"taxonomy":"post_tag","embeddable":true,"href":"https:\/\/sertv.gob.pa\/crisolfm\/wp-json\/wp\/v2\/tags?post=66313"}],"curies":[{"name":"wp","href":"https:\/\/api.w.org\/{rel}","templated":true}]}}