{"id":6636,"date":"2016-11-07T18:41:23","date_gmt":"2016-11-07T18:41:23","guid":{"rendered":""},"modified":"2016-11-07T18:41:23","modified_gmt":"2016-11-07T18:41:23","slug":"calidad-del-aire-en-costa-rica-sera-controlada","status":"publish","type":"post","link":"https:\/\/sertv.gob.pa\/crisolfm\/calidad-del-aire-en-costa-rica-sera-controlada\/","title":{"rendered":"Calidad del aire en Costa Rica ser\u00e1 controlada"},"content":{"rendered":"<p>\nEl Ministerio de Salud de Costa Rica anunci\u00f3 la emisi\u00f3n de un nuevo reglamento para controlar la calidad del aire en el pa\u00eds, con el prop\u00f3sito de resguardar la salud y el bienestar de la poblaci\u00f3n. <\/p>\n<p>El instrumento permitir\u00e1 que se establezca una Red Nacional de Monitoreo de la Calidad de Aire, un \u00cdndice Costarricense de Calidad del Aire (ICCA) y valores m\u00e1ximos para la concentraci\u00f3n de contaminantes. <\/p>\n<p>Seg\u00fan detall\u00f3 el Ministerio de Salud, el ICCA no\u00a0 \u00fanicamente servir\u00e1 como una manera de medir las condiciones del recurso, sino que igualmente permitir\u00e1 que las autoridades de gobierno y la academia costarricenses cuenten con una herramienta para involucrar e informar a los ciudadanos. <\/p>\n<p>El director de Protecci\u00f3n del Ambiente Humano del Ministerio de Salud, Eugenio Androvetto, expres\u00f3 que el monitoreo permitir\u00e1 controlar part\u00edculas menores a los 2.5 micrometros, capaces de alojarse en los pulmones de las personas y afectar as\u00ed su salud de distintas formas. <\/p>\n<p>&lsquo;El Ministerio de Salud tiene a disposici\u00f3n de la Red dos estaciones autom\u00e1ticas de reciente compra que permite la medici\u00f3n de este tipo de part\u00edculas, entre otros contaminantes&#8217;, explic\u00f3 el funcionario. <\/p>\n<p>Para Androvetto, el control favorecer\u00e1 que la poblaci\u00f3n tome conciencia de las condiciones del recurso que respira, a trav\u00e9s de comunicaciones de f\u00e1cil acceso y de actividades directas como capacitaciones, actividades de divulgaci\u00f3n y conferencias. <\/p>\n<p>La cartera de Salud asimismo inform\u00f3 que los datos sobre la calidad del aire ser\u00e1n recolectados a trav\u00e9s de muestreos y de an\u00e1lisis hechos por sus estaciones automatizadas, de\u00a0 manera que puedan incorporarse &lsquo;en tiempo real&#8217; a los sistemas de informaci\u00f3n en l\u00ednea. <\/p>\n<p>Las estaciones de control estar\u00e1n ubicadas en la Gran \u00c1rea Metropolitana, que cuenta con la mayor densidad poblacional de Costa Rica y que se ubica en la zona central de su territorio. <\/p>\n<p>\u00a0 <\/p>\n","protected":false},"excerpt":{"rendered":"<p>El Ministerio de Salud de Costa Rica anunci\u00f3 la emisi\u00f3n <a href=\"https:\/\/sertv.gob.pa\/crisolfm\/calidad-del-aire-en-costa-rica-sera-controlada\/\"> [&#8230;]<\/a><\/p>\n","protected":false},"author":1,"featured_media":6637,"comment_status":"closed","ping_status":"closed","sticky":false,"template":"","format":"standard","meta":{"footnotes":""},"categories":[7],"tags":[],"class_list":["post-6636","post","type-post","status-publish","format-standard","has-post-thumbnail","hentry","category-ecologicas"],"_links":{"self":[{"href":"https:\/\/sertv.gob.pa\/crisolfm\/wp-json\/wp\/v2\/posts\/6636","targetHints":{"allow":["GET"]}}],"collection":[{"href":"https:\/\/sertv.gob.pa\/crisolfm\/wp-json\/wp\/v2\/posts"}],"about":[{"href":"https:\/\/sertv.gob.pa\/crisolfm\/wp-json\/wp\/v2\/types\/post"}],"author":[{"embeddable":true,"href":"https:\/\/sertv.gob.pa\/crisolfm\/wp-json\/wp\/v2\/users\/1"}],"replies":[{"embeddable":true,"href":"https:\/\/sertv.gob.pa\/crisolfm\/wp-json\/wp\/v2\/comments?post=6636"}],"version-history":[{"count":0,"href":"https:\/\/sertv.gob.pa\/crisolfm\/wp-json\/wp\/v2\/posts\/6636\/revisions"}],"wp:featuredmedia":[{"embeddable":true,"href":"https:\/\/sertv.gob.pa\/crisolfm\/wp-json\/wp\/v2\/media\/6637"}],"wp:attachment":[{"href":"https:\/\/sertv.gob.pa\/crisolfm\/wp-json\/wp\/v2\/media?parent=6636"}],"wp:term":[{"taxonomy":"category","embeddable":true,"href":"https:\/\/sertv.gob.pa\/crisolfm\/wp-json\/wp\/v2\/categories?post=6636"},{"taxonomy":"post_tag","embeddable":true,"href":"https:\/\/sertv.gob.pa\/crisolfm\/wp-json\/wp\/v2\/tags?post=6636"}],"curies":[{"name":"wp","href":"https:\/\/api.w.org\/{rel}","templated":true}]}}