{"id":66376,"date":"2024-10-28T16:00:41","date_gmt":"2024-10-28T16:00:41","guid":{"rendered":"https:\/\/sertv.gob.pa\/crisolfm\/?p=66376"},"modified":"2024-10-28T16:00:41","modified_gmt":"2024-10-28T16:00:41","slug":"estudiantes-con-paralisis-cerebral-participan-actividad-ludico-terapeutica-el-ritmo-de-la-selva","status":"publish","type":"post","link":"https:\/\/sertv.gob.pa\/crisolfm\/estudiantes-con-paralisis-cerebral-participan-actividad-ludico-terapeutica-el-ritmo-de-la-selva\/","title":{"rendered":"Estudiantes con Par\u00e1lisis Cerebral participan actividad L\u00fadico Terap\u00e9utica: \u00abEl Ritmo de la Selva\u00bb"},"content":{"rendered":"<div class=\"fusion-fullwidth fullwidth-box fusion-builder-row-1 fusion-flex-container has-pattern-background has-mask-background nonhundred-percent-fullwidth non-hundred-percent-height-scrolling\" style=\"--awb-border-radius-top-left:0px;--awb-border-radius-top-right:0px;--awb-border-radius-bottom-right:0px;--awb-border-radius-bottom-left:0px;--awb-flex-wrap:wrap;\" ><div class=\"fusion-builder-row fusion-row fusion-flex-align-items-flex-start fusion-flex-content-wrap\" style=\"max-width:1144px;margin-left: calc(-4% \/ 2 );margin-right: calc(-4% \/ 2 );\"><div class=\"fusion-layout-column fusion_builder_column fusion-builder-column-0 fusion_builder_column_1_1 1_1 fusion-flex-column\" style=\"--awb-bg-size:cover;--awb-width-large:100%;--awb-margin-top-large:0px;--awb-spacing-right-large:1.92%;--awb-margin-bottom-large:20px;--awb-spacing-left-large:1.92%;--awb-width-medium:100%;--awb-order-medium:0;--awb-spacing-right-medium:1.92%;--awb-spacing-left-medium:1.92%;--awb-width-small:100%;--awb-order-small:0;--awb-spacing-right-small:1.92%;--awb-spacing-left-small:1.92%;\"><div class=\"fusion-column-wrapper fusion-column-has-shadow fusion-flex-justify-content-flex-start fusion-content-layout-column\"><div class=\"fusion-text fusion-text-1\"><p><strong>Estudiantes del Programa de Par\u00e1lisis Cerebral (PPC), del Centro Metropolitano, del\u00a0 participaron en una actividad l\u00fadico terap\u00e9utica titulada \u00abEl Ritmo de la Selva\u00bb, un cuento motor de autor desconocido. Esta sesi\u00f3n, dise\u00f1ada especialmente para fomentar el desarrollo de habilidades motoras y comunicativas, tuvo como objetivo principal, permitir que los alumnos ejecuten movimientos gruesos y finos que faciliten desplazamientos cortos de sus miembros superiores e inferiores.<\/strong><\/p>\n<p><strong>Adem\u00e1s, por medio de una narraci\u00f3n guiada, la actividad, promovi\u00f3 la estimulaci\u00f3n del lenguaje comprensivo verbal, la imitaci\u00f3n corporal y el seguimiento de instrucciones sencillas. Los alumnos con par\u00e1lisis cerebral, del Instituto Paname\u00f1o de Habilitaci\u00f3n Especial (IPHE), lograron mejorar sus habilidades de motricidad gruesa y fina, fortaleciendo su capacidad para realizar movimientos de forma m\u00e1s coordinada.<\/strong><\/p>\n<p><strong>Adem\u00e1s, se observ\u00f3 un notable avance en la estimulaci\u00f3n del lenguaje y la comprensi\u00f3n verbal, lo que les permitir\u00e1 interactuar de manera m\u00e1s efectiva en su entorno. Este tipo de iniciativas l\u00fadico terap\u00e9uticas, no solo contribuyen a mejorar las habilidades motoras y comunicativas de los estudiantes, sino que tambi\u00e9n fomentan un ambiente de aprendizaje inclusivo y motivador, esencial para su crecimiento personal y social.<\/strong><\/p>\n<p><strong>La actividad, cont\u00f3 con la invaluable colaboraci\u00f3n del equipo t\u00e9cnico, integrado por una fonoaudi\u00f3loga, un terapeuta f\u00edsico y un especialista en terapia ocupacional, quienes, junto con la docente a cargo, llevaron a cabo esta intervenci\u00f3n terap\u00e9utica. La participaci\u00f3n de estas disciplinas, result\u00f3 fundamental, ya que, cada profesional aport\u00f3 su conocimiento y habilidades espec\u00edficas para atender las necesidades individuales de los estudiantes, optimizando as\u00ed el impacto de la actividad en su desarrollo.<\/strong><\/p>\n<p>Fuente: IPHE<\/p>\n<\/div><div class=\"awb-gallery-wrapper awb-gallery-wrapper-1 button-span-no\" style=\"--more-btn-alignment:center;\"><div style=\"margin:-5px;--awb-bordersize:0px;\" class=\"fusion-gallery fusion-gallery-container fusion-grid-3 fusion-columns-total-5 fusion-gallery-layout-grid fusion-gallery-1\"><div style=\"padding:5px;\" class=\"fusion-grid-column fusion-gallery-column fusion-gallery-column-3 hover-type-none\"><div class=\"fusion-gallery-image\"><a href=\"https:\/\/sertv.gob.pa\/crisolfm\/wp-content\/uploads\/sites\/2\/2024\/10\/MUNDO-DE-LA-SELVA-2.jpg\" rel=\"noreferrer\" data-rel=\"iLightbox[gallery_image_1]\" class=\"fusion-lightbox\" target=\"_self\"><img decoding=\"async\" src=\"https:\/\/sertv.gob.pa\/crisolfm\/wp-content\/uploads\/sites\/2\/2024\/10\/MUNDO-DE-LA-SELVA-2.jpg\" width=\"600\" height=\"450\" alt=\"\" title=\"MUNDO DE LA SELVA 2\" aria-label=\"MUNDO DE LA SELVA 2\" class=\"img-responsive wp-image-66378\" srcset=\"https:\/\/sertv.gob.pa\/crisolfm\/wp-content\/uploads\/sites\/2\/2024\/10\/MUNDO-DE-LA-SELVA-2-200x150.jpg 200w, https:\/\/sertv.gob.pa\/crisolfm\/wp-content\/uploads\/sites\/2\/2024\/10\/MUNDO-DE-LA-SELVA-2-400x300.jpg 400w, https:\/\/sertv.gob.pa\/crisolfm\/wp-content\/uploads\/sites\/2\/2024\/10\/MUNDO-DE-LA-SELVA-2.jpg 600w\" sizes=\"(min-width: 2200px) 100vw, (min-width: 784px) 363px, (min-width: 712px) 545px, (min-width: 640px) 712px, \" \/><\/a><\/div><\/div><div style=\"padding:5px;\" class=\"fusion-grid-column fusion-gallery-column fusion-gallery-column-3 hover-type-none\"><div class=\"fusion-gallery-image\"><a href=\"https:\/\/sertv.gob.pa\/crisolfm\/wp-content\/uploads\/sites\/2\/2024\/10\/MUNDO-DE-LA-SELVA-3.jpg\" rel=\"noreferrer\" data-rel=\"iLightbox[gallery_image_1]\" class=\"fusion-lightbox\" target=\"_self\"><img decoding=\"async\" src=\"https:\/\/sertv.gob.pa\/crisolfm\/wp-content\/uploads\/sites\/2\/2024\/10\/MUNDO-DE-LA-SELVA-3.jpg\" width=\"600\" height=\"450\" alt=\"\" title=\"MUNDO DE LA SELVA 3\" aria-label=\"MUNDO DE LA SELVA 3\" class=\"img-responsive wp-image-66379\" srcset=\"https:\/\/sertv.gob.pa\/crisolfm\/wp-content\/uploads\/sites\/2\/2024\/10\/MUNDO-DE-LA-SELVA-3-200x150.jpg 200w, https:\/\/sertv.gob.pa\/crisolfm\/wp-content\/uploads\/sites\/2\/2024\/10\/MUNDO-DE-LA-SELVA-3-400x300.jpg 400w, https:\/\/sertv.gob.pa\/crisolfm\/wp-content\/uploads\/sites\/2\/2024\/10\/MUNDO-DE-LA-SELVA-3.jpg 600w\" sizes=\"(min-width: 2200px) 100vw, (min-width: 784px) 363px, (min-width: 712px) 545px, (min-width: 640px) 712px, \" \/><\/a><\/div><\/div><div style=\"padding:5px;\" class=\"fusion-grid-column fusion-gallery-column fusion-gallery-column-3 hover-type-none\"><div class=\"fusion-gallery-image\"><a href=\"https:\/\/sertv.gob.pa\/crisolfm\/wp-content\/uploads\/sites\/2\/2024\/10\/MUNDO-DE-LA-SELVA-4.jpg\" rel=\"noreferrer\" data-rel=\"iLightbox[gallery_image_1]\" class=\"fusion-lightbox\" target=\"_self\"><img decoding=\"async\" src=\"https:\/\/sertv.gob.pa\/crisolfm\/wp-content\/uploads\/sites\/2\/2024\/10\/MUNDO-DE-LA-SELVA-4.jpg\" width=\"600\" height=\"338\" alt=\"\" title=\"MUNDO DE LA SELVA 4\" aria-label=\"MUNDO DE LA SELVA 4\" class=\"img-responsive wp-image-66380\" srcset=\"https:\/\/sertv.gob.pa\/crisolfm\/wp-content\/uploads\/sites\/2\/2024\/10\/MUNDO-DE-LA-SELVA-4-200x113.jpg 200w, https:\/\/sertv.gob.pa\/crisolfm\/wp-content\/uploads\/sites\/2\/2024\/10\/MUNDO-DE-LA-SELVA-4-400x225.jpg 400w, https:\/\/sertv.gob.pa\/crisolfm\/wp-content\/uploads\/sites\/2\/2024\/10\/MUNDO-DE-LA-SELVA-4.jpg 600w\" sizes=\"(min-width: 2200px) 100vw, (min-width: 784px) 363px, (min-width: 712px) 545px, (min-width: 640px) 712px, \" \/><\/a><\/div><\/div><div class=\"clearfix\"><\/div><div style=\"padding:5px;\" class=\"fusion-grid-column fusion-gallery-column fusion-gallery-column-3 hover-type-none\"><div class=\"fusion-gallery-image\"><a href=\"https:\/\/sertv.gob.pa\/crisolfm\/wp-content\/uploads\/sites\/2\/2024\/10\/MUNDO-DE-LA-SELVA-5.jpg\" rel=\"noreferrer\" data-rel=\"iLightbox[gallery_image_1]\" class=\"fusion-lightbox\" target=\"_self\"><img decoding=\"async\" src=\"https:\/\/sertv.gob.pa\/crisolfm\/wp-content\/uploads\/sites\/2\/2024\/10\/MUNDO-DE-LA-SELVA-5.jpg\" width=\"600\" height=\"450\" alt=\"\" title=\"MUNDO DE LA SELVA 5\" aria-label=\"MUNDO DE LA SELVA 5\" class=\"img-responsive wp-image-66381\" srcset=\"https:\/\/sertv.gob.pa\/crisolfm\/wp-content\/uploads\/sites\/2\/2024\/10\/MUNDO-DE-LA-SELVA-5-200x150.jpg 200w, https:\/\/sertv.gob.pa\/crisolfm\/wp-content\/uploads\/sites\/2\/2024\/10\/MUNDO-DE-LA-SELVA-5-400x300.jpg 400w, https:\/\/sertv.gob.pa\/crisolfm\/wp-content\/uploads\/sites\/2\/2024\/10\/MUNDO-DE-LA-SELVA-5.jpg 600w\" sizes=\"(min-width: 2200px) 100vw, (min-width: 784px) 363px, (min-width: 712px) 545px, (min-width: 640px) 712px, \" \/><\/a><\/div><\/div><div style=\"padding:5px;\" class=\"fusion-grid-column fusion-gallery-column fusion-gallery-column-3 hover-type-none\"><div class=\"fusion-gallery-image\"><a href=\"https:\/\/sertv.gob.pa\/crisolfm\/wp-content\/uploads\/sites\/2\/2024\/10\/MUNDO-DE-LA-SELVA-6.jpg\" rel=\"noreferrer\" data-rel=\"iLightbox[gallery_image_1]\" class=\"fusion-lightbox\" target=\"_self\"><img decoding=\"async\" src=\"https:\/\/sertv.gob.pa\/crisolfm\/wp-content\/uploads\/sites\/2\/2024\/10\/MUNDO-DE-LA-SELVA-6.jpg\" width=\"600\" height=\"450\" alt=\"\" title=\"MUNDO DE LA SELVA 6\" aria-label=\"MUNDO DE LA SELVA 6\" class=\"img-responsive wp-image-66382\" srcset=\"https:\/\/sertv.gob.pa\/crisolfm\/wp-content\/uploads\/sites\/2\/2024\/10\/MUNDO-DE-LA-SELVA-6-200x150.jpg 200w, https:\/\/sertv.gob.pa\/crisolfm\/wp-content\/uploads\/sites\/2\/2024\/10\/MUNDO-DE-LA-SELVA-6-400x300.jpg 400w, https:\/\/sertv.gob.pa\/crisolfm\/wp-content\/uploads\/sites\/2\/2024\/10\/MUNDO-DE-LA-SELVA-6.jpg 600w\" sizes=\"(min-width: 2200px) 100vw, (min-width: 784px) 363px, (min-width: 712px) 545px, (min-width: 640px) 712px, \" \/><\/a><\/div><\/div><\/div><\/div><\/div><\/div><\/div><\/div>\n","protected":false},"excerpt":{"rendered":"","protected":false},"author":9,"featured_media":66377,"comment_status":"closed","ping_status":"closed","sticky":false,"template":"","format":"standard","meta":{"footnotes":""},"categories":[14],"tags":[],"class_list":["post-66376","post","type-post","status-publish","format-standard","has-post-thumbnail","hentry","category-salud"],"_links":{"self":[{"href":"https:\/\/sertv.gob.pa\/crisolfm\/wp-json\/wp\/v2\/posts\/66376","targetHints":{"allow":["GET"]}}],"collection":[{"href":"https:\/\/sertv.gob.pa\/crisolfm\/wp-json\/wp\/v2\/posts"}],"about":[{"href":"https:\/\/sertv.gob.pa\/crisolfm\/wp-json\/wp\/v2\/types\/post"}],"author":[{"embeddable":true,"href":"https:\/\/sertv.gob.pa\/crisolfm\/wp-json\/wp\/v2\/users\/9"}],"replies":[{"embeddable":true,"href":"https:\/\/sertv.gob.pa\/crisolfm\/wp-json\/wp\/v2\/comments?post=66376"}],"version-history":[{"count":1,"href":"https:\/\/sertv.gob.pa\/crisolfm\/wp-json\/wp\/v2\/posts\/66376\/revisions"}],"predecessor-version":[{"id":66383,"href":"https:\/\/sertv.gob.pa\/crisolfm\/wp-json\/wp\/v2\/posts\/66376\/revisions\/66383"}],"wp:featuredmedia":[{"embeddable":true,"href":"https:\/\/sertv.gob.pa\/crisolfm\/wp-json\/wp\/v2\/media\/66377"}],"wp:attachment":[{"href":"https:\/\/sertv.gob.pa\/crisolfm\/wp-json\/wp\/v2\/media?parent=66376"}],"wp:term":[{"taxonomy":"category","embeddable":true,"href":"https:\/\/sertv.gob.pa\/crisolfm\/wp-json\/wp\/v2\/categories?post=66376"},{"taxonomy":"post_tag","embeddable":true,"href":"https:\/\/sertv.gob.pa\/crisolfm\/wp-json\/wp\/v2\/tags?post=66376"}],"curies":[{"name":"wp","href":"https:\/\/api.w.org\/{rel}","templated":true}]}}