{"id":66492,"date":"2024-10-30T16:02:01","date_gmt":"2024-10-30T16:02:01","guid":{"rendered":"https:\/\/sertv.gob.pa\/crisolfm\/?p=66492"},"modified":"2024-10-30T16:02:01","modified_gmt":"2024-10-30T16:02:01","slug":"veraguas-realizo-el-primer-seminario-taller-2024-de-la-seccion-de-saneamiento-ambiental","status":"publish","type":"post","link":"https:\/\/sertv.gob.pa\/crisolfm\/veraguas-realizo-el-primer-seminario-taller-2024-de-la-seccion-de-saneamiento-ambiental\/","title":{"rendered":"Veraguas realiz\u00f3 el primer seminario taller 2024 de la secci\u00f3n de Saneamiento Ambiental"},"content":{"rendered":"<p><strong>En la provincia de Veraguas, se desarroll\u00f3 el primer seminario 2024, de la secci\u00f3n de Saneamiento Ambiental sobre \u00abActualizaci\u00f3n sobre los procesos de aprobaci\u00f3n y seguimiento de los sistemas de tratamiento aguas residuales colectivos para proyectos urban\u00edsticos de la provincia de Veraguas\u00bb.<\/strong><\/p>\n<p><strong>Belisario P\u00e9rez, jefe regional de Saneamiento Ambiental, explic\u00f3 que, esta actualizaci\u00f3n es necesaria para conocer, brindar seguimiento y actualizar al personal sobre los sistemas de tratamiento de aguas residuales, lograr una coordinaci\u00f3n efectiva Interinstitucional, que permita determinar la responsabilidad de cada competencia y brindar un servicio \u00f3ptimo que beneficie a la poblaci\u00f3n en general.<\/strong><\/p>\n<p><strong>Esta jornada de actualizaci\u00f3n, fue realizada en el sal\u00f3n de reuniones del Hospital Dr.Luis \u00abChicho\u00bbFabrega y <\/strong><strong>cont\u00f3 con la participaci\u00f3n de profesionales multidisciplinario del Ministerio de Vivienda (MIVI), Instituto de Acueductos y Alcantarillado (IDAAN), Ministerio de Ambiente y Ministerio de Salud (MINSA).<\/strong><\/p>\n<p>&nbsp;<\/p>\n<p>Fuente: MINSA<\/p>\n","protected":false},"excerpt":{"rendered":"<p>En la provincia de Veraguas, se desarroll\u00f3 el primer seminario <a href=\"https:\/\/sertv.gob.pa\/crisolfm\/veraguas-realizo-el-primer-seminario-taller-2024-de-la-seccion-de-saneamiento-ambiental\/\"> [&#8230;]<\/a><\/p>\n","protected":false},"author":9,"featured_media":66493,"comment_status":"closed","ping_status":"closed","sticky":false,"template":"","format":"standard","meta":{"footnotes":""},"categories":[16],"tags":[],"class_list":["post-66492","post","type-post","status-publish","format-standard","has-post-thumbnail","hentry","category-ambiente"],"_links":{"self":[{"href":"https:\/\/sertv.gob.pa\/crisolfm\/wp-json\/wp\/v2\/posts\/66492","targetHints":{"allow":["GET"]}}],"collection":[{"href":"https:\/\/sertv.gob.pa\/crisolfm\/wp-json\/wp\/v2\/posts"}],"about":[{"href":"https:\/\/sertv.gob.pa\/crisolfm\/wp-json\/wp\/v2\/types\/post"}],"author":[{"embeddable":true,"href":"https:\/\/sertv.gob.pa\/crisolfm\/wp-json\/wp\/v2\/users\/9"}],"replies":[{"embeddable":true,"href":"https:\/\/sertv.gob.pa\/crisolfm\/wp-json\/wp\/v2\/comments?post=66492"}],"version-history":[{"count":1,"href":"https:\/\/sertv.gob.pa\/crisolfm\/wp-json\/wp\/v2\/posts\/66492\/revisions"}],"predecessor-version":[{"id":66494,"href":"https:\/\/sertv.gob.pa\/crisolfm\/wp-json\/wp\/v2\/posts\/66492\/revisions\/66494"}],"wp:featuredmedia":[{"embeddable":true,"href":"https:\/\/sertv.gob.pa\/crisolfm\/wp-json\/wp\/v2\/media\/66493"}],"wp:attachment":[{"href":"https:\/\/sertv.gob.pa\/crisolfm\/wp-json\/wp\/v2\/media?parent=66492"}],"wp:term":[{"taxonomy":"category","embeddable":true,"href":"https:\/\/sertv.gob.pa\/crisolfm\/wp-json\/wp\/v2\/categories?post=66492"},{"taxonomy":"post_tag","embeddable":true,"href":"https:\/\/sertv.gob.pa\/crisolfm\/wp-json\/wp\/v2\/tags?post=66492"}],"curies":[{"name":"wp","href":"https:\/\/api.w.org\/{rel}","templated":true}]}}