{"id":66499,"date":"2024-10-30T16:57:39","date_gmt":"2024-10-30T16:57:39","guid":{"rendered":"https:\/\/sertv.gob.pa\/crisolfm\/?p=66499"},"modified":"2024-10-30T16:57:39","modified_gmt":"2024-10-30T16:57:39","slug":"minsa-se-compromete-en-fortalecer-la-salud-bucal-de-los-panamenos","status":"publish","type":"post","link":"https:\/\/sertv.gob.pa\/crisolfm\/minsa-se-compromete-en-fortalecer-la-salud-bucal-de-los-panamenos\/","title":{"rendered":"MINSA se compromete en fortalecer la salud bucal de los paname\u00f1os"},"content":{"rendered":"<p><em><strong>Participan en este II Congreso Interuniversitario de Odontolog\u00eda, la Universidad de Panam\u00e1, Universidad Latina de Panam\u00e1 y la Universidad Interamericana de Panam\u00e1.<\/strong><\/em><\/p>\n<p>&nbsp;<\/p>\n<p><em><strong>Presentan estudio final sobre Caracter\u00edsticas Epidemiol\u00f3gicas del C\u00e1ncer Bucal.<\/strong><\/em><\/p>\n<p>&nbsp;<\/p>\n<p><strong>El ministro de Salud de Panam\u00e1, Fernando Boyd Galindo, particip\u00f3 en la inauguraci\u00f3n del II Congreso Interuniversitario de Odontolog\u00eda, con el objetivo de compartir conocimientos, intercambiar experiencias y fortalecer la cooperaci\u00f3n en el campo de la odontolog\u00eda.<\/strong><\/p>\n<p><strong>Boyd Galindo, indic\u00f3 que, en el marco de este congreso se presentar\u00e1 el estudio final de \u201cCaracter\u00edsticas Epidemiol\u00f3gicas del C\u00e1ncer Bucal\u201d, realizado en 13 regiones de Salud del territorio nacional.<\/strong><\/p>\n<p><strong>\u201cLos resultados manifiestan la necesidad de seguir investigando para el fortalecimiento integral del Programa de Salud Bucal. La tasa de prevalencia de c\u00e1ncer bucal en la poblaci\u00f3n de estudio fue de 0.12, siendo una tasa baja por lo que su valor radica en la intervenci\u00f3n diagnostica\u201d, dijo Boyd Galindo.<\/strong><\/p>\n<p><strong>Boyd Galindo, felicit\u00f3 a las entidades gubernamentales, estudiantes, especialista en odontolog\u00eda y organizaciones participantes en esta investigaci\u00f3n, que se desarroll\u00f3 en m\u00faltiples fases, encaminado a la prevenci\u00f3n, detecci\u00f3n temprana y atenci\u00f3n oportuna de esta enfermedad.<\/strong><\/p>\n<p><strong>Por su parte, Jos\u00e9 Emilio Moreno, vicerrector acad\u00e9mico de la Universidad de Panam\u00e1, expres\u00f3 que, este evento, reunir\u00e1 por espacio de tres d\u00edas, a los estudiantes de la carrera de odontolog\u00eda de las universidades participantes, lo que les permitir\u00e1 compartir con otros compa\u00f1eros experiencias y conocimientos.<\/strong><\/p>\n<p><strong>Por espacio de tres d\u00edas, estudiantes, docentes e investigadores, podr\u00e1n compartir la oportunidad \u00fanica de actualizarse y mejorar sus competencias constantemente.<\/strong><\/p>\n<p>&nbsp;<\/p>\n<p>Fuente: MINSA<\/p>\n","protected":false},"excerpt":{"rendered":"<p>Participan en este II Congreso Interuniversitario de Odontolog\u00eda, la Universidad <a href=\"https:\/\/sertv.gob.pa\/crisolfm\/minsa-se-compromete-en-fortalecer-la-salud-bucal-de-los-panamenos\/\"> [&#8230;]<\/a><\/p>\n","protected":false},"author":9,"featured_media":66500,"comment_status":"closed","ping_status":"closed","sticky":false,"template":"","format":"standard","meta":{"footnotes":""},"categories":[14],"tags":[],"class_list":["post-66499","post","type-post","status-publish","format-standard","has-post-thumbnail","hentry","category-salud"],"_links":{"self":[{"href":"https:\/\/sertv.gob.pa\/crisolfm\/wp-json\/wp\/v2\/posts\/66499","targetHints":{"allow":["GET"]}}],"collection":[{"href":"https:\/\/sertv.gob.pa\/crisolfm\/wp-json\/wp\/v2\/posts"}],"about":[{"href":"https:\/\/sertv.gob.pa\/crisolfm\/wp-json\/wp\/v2\/types\/post"}],"author":[{"embeddable":true,"href":"https:\/\/sertv.gob.pa\/crisolfm\/wp-json\/wp\/v2\/users\/9"}],"replies":[{"embeddable":true,"href":"https:\/\/sertv.gob.pa\/crisolfm\/wp-json\/wp\/v2\/comments?post=66499"}],"version-history":[{"count":1,"href":"https:\/\/sertv.gob.pa\/crisolfm\/wp-json\/wp\/v2\/posts\/66499\/revisions"}],"predecessor-version":[{"id":66501,"href":"https:\/\/sertv.gob.pa\/crisolfm\/wp-json\/wp\/v2\/posts\/66499\/revisions\/66501"}],"wp:featuredmedia":[{"embeddable":true,"href":"https:\/\/sertv.gob.pa\/crisolfm\/wp-json\/wp\/v2\/media\/66500"}],"wp:attachment":[{"href":"https:\/\/sertv.gob.pa\/crisolfm\/wp-json\/wp\/v2\/media?parent=66499"}],"wp:term":[{"taxonomy":"category","embeddable":true,"href":"https:\/\/sertv.gob.pa\/crisolfm\/wp-json\/wp\/v2\/categories?post=66499"},{"taxonomy":"post_tag","embeddable":true,"href":"https:\/\/sertv.gob.pa\/crisolfm\/wp-json\/wp\/v2\/tags?post=66499"}],"curies":[{"name":"wp","href":"https:\/\/api.w.org\/{rel}","templated":true}]}}