{"id":6658,"date":"2016-11-09T18:45:47","date_gmt":"2016-11-09T18:45:47","guid":{"rendered":""},"modified":"2016-11-09T18:45:47","modified_gmt":"2016-11-09T18:45:47","slug":"onu-solicita-sociedad-de-emisiones-reducidas","status":"publish","type":"post","link":"https:\/\/sertv.gob.pa\/crisolfm\/onu-solicita-sociedad-de-emisiones-reducidas\/","title":{"rendered":"ONU solicita sociedad de emisiones reducidas"},"content":{"rendered":"<p>\nLa secretaria ejecutiva de la Convenci\u00f3n Marco de la ONU sobre Cambio Clim\u00e1tico (CMNUCC), Patricia Espinosa, manifest\u00f3 que transformarse en una &lsquo;sociedad y una econom\u00eda resistentes y de emisiones reducidas&#8217; debe ser un objetivo global. &lsquo;Nuestro trabajo aqu\u00ed en Marrakech debe reflejar nuestra realidad. Ning\u00fan pol\u00edtico o ciudadano, ning\u00fan gerente de negocios o inversionista puede dudar de que transformarse en una sociedad y una econom\u00eda resistentes y de emisiones reducidas es la determinaci\u00f3n singular de la comunidad de naciones&#8217;, expres\u00f3 Espinosa en el discurso pronunciado durante la inauguraci\u00f3n de la XXII Conferencia de las Partes (COP22). <\/p>\n<p>Aunque la pronta entrada en vigor del Acuerdo de Par\u00eds es un claro motivo de celebraci\u00f3n, igualmente es un recordatorio oportuno de las grandes expectativas generadas en relaci\u00f3n con los gobiernos, dijo la ejecutiva. <\/p>\n<p>Espinosa asimismo destac\u00f3 que alcanzar los objetivos y ambiciones del Acuerdo de Par\u00eds no es un hecho considerando las enormes dificultades de cambiar el rumbo de dos siglos de desarrollo basado en el carb\u00f3n. <\/p>\n<p>De acuerdo con la funcionaria de la ONU, otro punto clave es movilizar los recursos financieros para permitir a los pa\u00edses en desarrollo volver m\u00e1s verdes sus econom\u00edas y desarrollar su resistencia. Espinosa dijo que los pa\u00edses deben efectuar aportaciones m\u00e1s audaces definidas a nivel nacional e integrarlas en las pol\u00edticas y los planes de inversi\u00f3n nacionales. La funcionaria tambi\u00e9n pidi\u00f3 apoyar como prioridad la adaptaci\u00f3n para salvaguardar los logros de desarrollo de las comunidades m\u00e1s vulnerables. <\/p>\n<p>La COP22 contin\u00faa hasta el 18 de noviembre. <\/p>\n<p>\u00a0 <\/p>\n","protected":false},"excerpt":{"rendered":"<p>La secretaria ejecutiva de la Convenci\u00f3n Marco de la ONU <a href=\"https:\/\/sertv.gob.pa\/crisolfm\/onu-solicita-sociedad-de-emisiones-reducidas\/\"> [&#8230;]<\/a><\/p>\n","protected":false},"author":1,"featured_media":6659,"comment_status":"closed","ping_status":"closed","sticky":false,"template":"","format":"standard","meta":{"footnotes":""},"categories":[7],"tags":[],"class_list":["post-6658","post","type-post","status-publish","format-standard","has-post-thumbnail","hentry","category-ecologicas"],"_links":{"self":[{"href":"https:\/\/sertv.gob.pa\/crisolfm\/wp-json\/wp\/v2\/posts\/6658","targetHints":{"allow":["GET"]}}],"collection":[{"href":"https:\/\/sertv.gob.pa\/crisolfm\/wp-json\/wp\/v2\/posts"}],"about":[{"href":"https:\/\/sertv.gob.pa\/crisolfm\/wp-json\/wp\/v2\/types\/post"}],"author":[{"embeddable":true,"href":"https:\/\/sertv.gob.pa\/crisolfm\/wp-json\/wp\/v2\/users\/1"}],"replies":[{"embeddable":true,"href":"https:\/\/sertv.gob.pa\/crisolfm\/wp-json\/wp\/v2\/comments?post=6658"}],"version-history":[{"count":0,"href":"https:\/\/sertv.gob.pa\/crisolfm\/wp-json\/wp\/v2\/posts\/6658\/revisions"}],"wp:featuredmedia":[{"embeddable":true,"href":"https:\/\/sertv.gob.pa\/crisolfm\/wp-json\/wp\/v2\/media\/6659"}],"wp:attachment":[{"href":"https:\/\/sertv.gob.pa\/crisolfm\/wp-json\/wp\/v2\/media?parent=6658"}],"wp:term":[{"taxonomy":"category","embeddable":true,"href":"https:\/\/sertv.gob.pa\/crisolfm\/wp-json\/wp\/v2\/categories?post=6658"},{"taxonomy":"post_tag","embeddable":true,"href":"https:\/\/sertv.gob.pa\/crisolfm\/wp-json\/wp\/v2\/tags?post=6658"}],"curies":[{"name":"wp","href":"https:\/\/api.w.org\/{rel}","templated":true}]}}