{"id":66616,"date":"2024-11-01T18:18:49","date_gmt":"2024-11-01T18:18:49","guid":{"rendered":"https:\/\/sertv.gob.pa\/crisolfm\/?p=66616"},"modified":"2024-11-01T18:18:49","modified_gmt":"2024-11-01T18:18:49","slug":"conoce-el-horario-especial-del-parque-municipal-summit-durante-las-fiestas-patrias","status":"publish","type":"post","link":"https:\/\/sertv.gob.pa\/crisolfm\/conoce-el-horario-especial-del-parque-municipal-summit-durante-las-fiestas-patrias\/","title":{"rendered":"\u00a1Conoce el horario especial del Parque Municipal Summit durante las Fiestas Patrias!"},"content":{"rendered":"<p><strong>La Alcald\u00eda de Panam\u00e1, informa que, el Parque Municipal Summit, abrir\u00e1 sus puertas en un horario especial para que los ciudadanos puedan disfrutar de la naturaleza y la biodiversidad en el marco de las Fiestas Patrias.<\/strong><\/p>\n<p><strong>En d\u00edas espec\u00edficos de este mes festivo, el parque estar\u00e1 abierto de 8:00 a.m. a 5:00 p.m., permitiendo a las familias y visitantes disfrutar de sus instalaciones y actividades. A continuaci\u00f3n, el detalle de los d\u00edas de atenci\u00f3n y cierre:<\/strong><\/p>\n<p><strong>\u2013 Abierto: 2 y 3 de noviembre, as\u00ed como el 9 y 10 de noviembre.<\/strong><br \/>\n<strong>\u2013 Cerrado: 4, 5, 11 y 28 de noviembre.<\/strong><\/p>\n<p><strong>Este horario especial, ha sido dise\u00f1ado para facilitar el acceso al parque durante las celebraciones patrias y al mismo tiempo respetar las fechas de conmemoraci\u00f3n nacional. Invitamos a todos los interesados en visitar el parque a planificar su visita de acuerdo con estas fechas, para disfrutar de una experiencia \u00fanica en contacto con la naturaleza.<\/strong><\/p>\n<p><strong>Recuerden que, pueden obtener m\u00e1s informaci\u00f3n y actualizaciones sobre el horario y las actividades del parque a trav\u00e9s de las redes sociales de la Alcald\u00eda de Panam\u00e1.<\/strong><\/p>\n<p>&nbsp;<\/p>\n<p>Fuente: MUPA \/ Alcald\u00eda de Panam\u00e1<\/p>\n","protected":false},"excerpt":{"rendered":"<p>La Alcald\u00eda de Panam\u00e1, informa que, el Parque Municipal Summit, <a href=\"https:\/\/sertv.gob.pa\/crisolfm\/conoce-el-horario-especial-del-parque-municipal-summit-durante-las-fiestas-patrias\/\"> [&#8230;]<\/a><\/p>\n","protected":false},"author":9,"featured_media":66617,"comment_status":"closed","ping_status":"closed","sticky":false,"template":"","format":"standard","meta":{"footnotes":""},"categories":[12],"tags":[],"class_list":["post-66616","post","type-post","status-publish","format-standard","has-post-thumbnail","hentry","category-nacionales"],"_links":{"self":[{"href":"https:\/\/sertv.gob.pa\/crisolfm\/wp-json\/wp\/v2\/posts\/66616","targetHints":{"allow":["GET"]}}],"collection":[{"href":"https:\/\/sertv.gob.pa\/crisolfm\/wp-json\/wp\/v2\/posts"}],"about":[{"href":"https:\/\/sertv.gob.pa\/crisolfm\/wp-json\/wp\/v2\/types\/post"}],"author":[{"embeddable":true,"href":"https:\/\/sertv.gob.pa\/crisolfm\/wp-json\/wp\/v2\/users\/9"}],"replies":[{"embeddable":true,"href":"https:\/\/sertv.gob.pa\/crisolfm\/wp-json\/wp\/v2\/comments?post=66616"}],"version-history":[{"count":1,"href":"https:\/\/sertv.gob.pa\/crisolfm\/wp-json\/wp\/v2\/posts\/66616\/revisions"}],"predecessor-version":[{"id":66618,"href":"https:\/\/sertv.gob.pa\/crisolfm\/wp-json\/wp\/v2\/posts\/66616\/revisions\/66618"}],"wp:featuredmedia":[{"embeddable":true,"href":"https:\/\/sertv.gob.pa\/crisolfm\/wp-json\/wp\/v2\/media\/66617"}],"wp:attachment":[{"href":"https:\/\/sertv.gob.pa\/crisolfm\/wp-json\/wp\/v2\/media?parent=66616"}],"wp:term":[{"taxonomy":"category","embeddable":true,"href":"https:\/\/sertv.gob.pa\/crisolfm\/wp-json\/wp\/v2\/categories?post=66616"},{"taxonomy":"post_tag","embeddable":true,"href":"https:\/\/sertv.gob.pa\/crisolfm\/wp-json\/wp\/v2\/tags?post=66616"}],"curies":[{"name":"wp","href":"https:\/\/api.w.org\/{rel}","templated":true}]}}