{"id":6664,"date":"2016-11-11T14:50:45","date_gmt":"2016-11-11T14:50:45","guid":{"rendered":""},"modified":"2016-11-11T14:50:45","modified_gmt":"2016-11-11T14:50:45","slug":"para-hoy-se-preven-agueaceros-en-la-mayor-parte-del-pais","status":"publish","type":"post","link":"https:\/\/sertv.gob.pa\/crisolfm\/para-hoy-se-preven-agueaceros-en-la-mayor-parte-del-pais\/","title":{"rendered":"Para hoy se prev\u00e9n ag\u00fcaceros en la mayor parte del pa\u00eds"},"content":{"rendered":"<p>\nPara este viernes 11 de noviembre se prev\u00e9n aguaceros y posibles descargas el\u00e9ctricas en las costas pac\u00edfica y atl\u00e1ntica del pa\u00eds. <\/p>\n<p>As\u00ed lo dieron a conocer las autoridades mediantes su cuenta de Twitter, en la que igualmente se\u00f1alan que se pueden presentar posibles r\u00e1fagas de viento. <\/p>\n<p>Los aguaceros hasta las 11:30 a.m. pueden presentarse en la comarca Guna Yala y la provincia de Dari\u00e9n. \u00a0 <\/p>\n<p>Tambi\u00e9n existe ese pron\u00f3stico para el sector Donoso, en Col\u00f3n, y el norte de la provincia de Veraguas. <\/p>\n<p>Habr\u00e1 lluvias en el norte, este y centro de la provincia de Panam\u00e1 y se esperan asimismo en Santa Isabel, Portobelo y Chagres, en Col\u00f3n.\u00a0 <\/p>\n<p>\u00a0 <\/p>\n","protected":false},"excerpt":{"rendered":"<p>Para este viernes 11 de noviembre se prev\u00e9n aguaceros y <a href=\"https:\/\/sertv.gob.pa\/crisolfm\/para-hoy-se-preven-agueaceros-en-la-mayor-parte-del-pais\/\"> [&#8230;]<\/a><\/p>\n","protected":false},"author":1,"featured_media":6665,"comment_status":"closed","ping_status":"closed","sticky":false,"template":"","format":"standard","meta":{"footnotes":""},"categories":[7],"tags":[],"class_list":["post-6664","post","type-post","status-publish","format-standard","has-post-thumbnail","hentry","category-ecologicas"],"_links":{"self":[{"href":"https:\/\/sertv.gob.pa\/crisolfm\/wp-json\/wp\/v2\/posts\/6664","targetHints":{"allow":["GET"]}}],"collection":[{"href":"https:\/\/sertv.gob.pa\/crisolfm\/wp-json\/wp\/v2\/posts"}],"about":[{"href":"https:\/\/sertv.gob.pa\/crisolfm\/wp-json\/wp\/v2\/types\/post"}],"author":[{"embeddable":true,"href":"https:\/\/sertv.gob.pa\/crisolfm\/wp-json\/wp\/v2\/users\/1"}],"replies":[{"embeddable":true,"href":"https:\/\/sertv.gob.pa\/crisolfm\/wp-json\/wp\/v2\/comments?post=6664"}],"version-history":[{"count":0,"href":"https:\/\/sertv.gob.pa\/crisolfm\/wp-json\/wp\/v2\/posts\/6664\/revisions"}],"wp:featuredmedia":[{"embeddable":true,"href":"https:\/\/sertv.gob.pa\/crisolfm\/wp-json\/wp\/v2\/media\/6665"}],"wp:attachment":[{"href":"https:\/\/sertv.gob.pa\/crisolfm\/wp-json\/wp\/v2\/media?parent=6664"}],"wp:term":[{"taxonomy":"category","embeddable":true,"href":"https:\/\/sertv.gob.pa\/crisolfm\/wp-json\/wp\/v2\/categories?post=6664"},{"taxonomy":"post_tag","embeddable":true,"href":"https:\/\/sertv.gob.pa\/crisolfm\/wp-json\/wp\/v2\/tags?post=6664"}],"curies":[{"name":"wp","href":"https:\/\/api.w.org\/{rel}","templated":true}]}}