{"id":66661,"date":"2024-11-06T16:21:16","date_gmt":"2024-11-06T16:21:16","guid":{"rendered":"https:\/\/sertv.gob.pa\/crisolfm\/?p=66661"},"modified":"2024-11-06T16:21:16","modified_gmt":"2024-11-06T16:21:16","slug":"region-de-salud-de-colon-repara-puesto-de-salud-de-viento-frio","status":"publish","type":"post","link":"https:\/\/sertv.gob.pa\/crisolfm\/region-de-salud-de-colon-repara-puesto-de-salud-de-viento-frio\/","title":{"rendered":"Regi\u00f3n de Salud de Col\u00f3n, repara puesto de salud de Viento Fr\u00edo"},"content":{"rendered":"<div class=\"fusion-fullwidth fullwidth-box fusion-builder-row-1 fusion-flex-container has-pattern-background has-mask-background nonhundred-percent-fullwidth non-hundred-percent-height-scrolling\" style=\"--awb-border-radius-top-left:0px;--awb-border-radius-top-right:0px;--awb-border-radius-bottom-right:0px;--awb-border-radius-bottom-left:0px;--awb-flex-wrap:wrap;\" ><div class=\"fusion-builder-row fusion-row fusion-flex-align-items-flex-start fusion-flex-content-wrap\" style=\"max-width:1144px;margin-left: calc(-4% \/ 2 );margin-right: calc(-4% \/ 2 );\"><div class=\"fusion-layout-column fusion_builder_column fusion-builder-column-0 fusion_builder_column_1_1 1_1 fusion-flex-column\" style=\"--awb-bg-size:cover;--awb-width-large:100%;--awb-margin-top-large:0px;--awb-spacing-right-large:1.92%;--awb-margin-bottom-large:20px;--awb-spacing-left-large:1.92%;--awb-width-medium:100%;--awb-order-medium:0;--awb-spacing-right-medium:1.92%;--awb-spacing-left-medium:1.92%;--awb-width-small:100%;--awb-order-small:0;--awb-spacing-right-small:1.92%;--awb-spacing-left-small:1.92%;\"><div class=\"fusion-column-wrapper fusion-column-has-shadow fusion-flex-justify-content-flex-start fusion-content-layout-column\"><div class=\"fusion-text fusion-text-1\" style=\"--awb-content-alignment:justify;\"><p><strong>Con una inversi\u00f3n de 11 mil 379 d\u00f3lares con 87 cent\u00e9simos, la Regi\u00f3n de Salud de Col\u00f3n, reparo en su totalidad el puesto de Salud de Viento Fr\u00edo, ubicado en el distrito de Santa Isabel, Costa Arriba de Col\u00f3n.<\/strong><\/p>\n<p><strong>La Dra. Nancy Torres, jefa regional del MINSA\/Col\u00f3n hizo un llamado a la comunidad, a que cuide esta instalaci\u00f3n, que sirve para dar salud a sus residentes.<\/strong><\/p>\n<p><strong>Esta instalaci\u00f3n de salud, en m\u00faltiples ocasiones ha sido objeto de vandalismo, por ladrones que se llevan los bienes del puesto y los destruyen.<\/strong><\/p>\n<p><strong>Los trabajos consistieron en reposici\u00f3n de techo, cielo raso, puertas, pintura y otras adecuaciones necesarias para su funcionamiento.<\/strong><\/p>\n<p>Fuente: MINSA<\/p>\n<\/div><div class=\"awb-gallery-wrapper awb-gallery-wrapper-1 button-span-no\" style=\"--more-btn-alignment:center;\"><div style=\"margin:-5px;--awb-bordersize:0px;\" class=\"fusion-gallery fusion-gallery-container fusion-grid-3 fusion-columns-total-3 fusion-gallery-layout-grid fusion-gallery-1\"><div style=\"padding:5px;\" class=\"fusion-grid-column fusion-gallery-column fusion-gallery-column-3 hover-type-none\"><div class=\"fusion-gallery-image\"><a href=\"https:\/\/sertv.gob.pa\/crisolfm\/wp-content\/uploads\/sites\/2\/2024\/11\/COLON-REGION-DE-SALUD-2.jpeg\" rel=\"noreferrer\" data-rel=\"iLightbox[gallery_image_1]\" class=\"fusion-lightbox\" target=\"_self\"><img decoding=\"async\" src=\"https:\/\/sertv.gob.pa\/crisolfm\/wp-content\/uploads\/sites\/2\/2024\/11\/COLON-REGION-DE-SALUD-2.jpeg\" width=\"600\" height=\"450\" alt=\"\" title=\"COL\u00d3N REGI\u00d3N DE SALUD 2\" aria-label=\"COL\u00d3N REGI\u00d3N DE SALUD 2\" class=\"img-responsive wp-image-66663\" srcset=\"https:\/\/sertv.gob.pa\/crisolfm\/wp-content\/uploads\/sites\/2\/2024\/11\/COLON-REGION-DE-SALUD-2-200x150.jpeg 200w, https:\/\/sertv.gob.pa\/crisolfm\/wp-content\/uploads\/sites\/2\/2024\/11\/COLON-REGION-DE-SALUD-2-400x300.jpeg 400w, https:\/\/sertv.gob.pa\/crisolfm\/wp-content\/uploads\/sites\/2\/2024\/11\/COLON-REGION-DE-SALUD-2.jpeg 600w\" sizes=\"(min-width: 2200px) 100vw, (min-width: 784px) 363px, (min-width: 712px) 545px, (min-width: 640px) 712px, \" \/><\/a><\/div><\/div><div style=\"padding:5px;\" class=\"fusion-grid-column fusion-gallery-column fusion-gallery-column-3 hover-type-none\"><div class=\"fusion-gallery-image\"><a href=\"https:\/\/sertv.gob.pa\/crisolfm\/wp-content\/uploads\/sites\/2\/2024\/11\/COLON-REGION-DE-SALUD-1.jpeg\" rel=\"noreferrer\" data-rel=\"iLightbox[gallery_image_1]\" class=\"fusion-lightbox\" target=\"_self\"><img decoding=\"async\" src=\"https:\/\/sertv.gob.pa\/crisolfm\/wp-content\/uploads\/sites\/2\/2024\/11\/COLON-REGION-DE-SALUD-1.jpeg\" width=\"600\" height=\"450\" alt=\"\" title=\"COL\u00d3N REGI\u00d3N DE SALUD 1\" aria-label=\"COL\u00d3N REGI\u00d3N DE SALUD 1\" class=\"img-responsive wp-image-66662\" srcset=\"https:\/\/sertv.gob.pa\/crisolfm\/wp-content\/uploads\/sites\/2\/2024\/11\/COLON-REGION-DE-SALUD-1-200x150.jpeg 200w, https:\/\/sertv.gob.pa\/crisolfm\/wp-content\/uploads\/sites\/2\/2024\/11\/COLON-REGION-DE-SALUD-1-400x300.jpeg 400w, https:\/\/sertv.gob.pa\/crisolfm\/wp-content\/uploads\/sites\/2\/2024\/11\/COLON-REGION-DE-SALUD-1.jpeg 600w\" sizes=\"(min-width: 2200px) 100vw, (min-width: 784px) 363px, (min-width: 712px) 545px, (min-width: 640px) 712px, \" \/><\/a><\/div><\/div><div style=\"padding:5px;\" class=\"fusion-grid-column fusion-gallery-column fusion-gallery-column-3 hover-type-none\"><div class=\"fusion-gallery-image\"><a href=\"https:\/\/sertv.gob.pa\/crisolfm\/wp-content\/uploads\/sites\/2\/2024\/11\/COLON-REGION-DE-SALUD-3.jpeg\" rel=\"noreferrer\" data-rel=\"iLightbox[gallery_image_1]\" class=\"fusion-lightbox\" target=\"_self\"><img decoding=\"async\" src=\"https:\/\/sertv.gob.pa\/crisolfm\/wp-content\/uploads\/sites\/2\/2024\/11\/COLON-REGION-DE-SALUD-3.jpeg\" width=\"600\" height=\"450\" alt=\"\" title=\"COL\u00d3N REGI\u00d3N DE SALUD 3\" aria-label=\"COL\u00d3N REGI\u00d3N DE SALUD 3\" class=\"img-responsive wp-image-66664\" srcset=\"https:\/\/sertv.gob.pa\/crisolfm\/wp-content\/uploads\/sites\/2\/2024\/11\/COLON-REGION-DE-SALUD-3-200x150.jpeg 200w, https:\/\/sertv.gob.pa\/crisolfm\/wp-content\/uploads\/sites\/2\/2024\/11\/COLON-REGION-DE-SALUD-3-400x300.jpeg 400w, https:\/\/sertv.gob.pa\/crisolfm\/wp-content\/uploads\/sites\/2\/2024\/11\/COLON-REGION-DE-SALUD-3.jpeg 600w\" sizes=\"(min-width: 2200px) 100vw, (min-width: 784px) 363px, (min-width: 712px) 545px, (min-width: 640px) 712px, \" \/><\/a><\/div><\/div><div class=\"clearfix\"><\/div><\/div><\/div><\/div><\/div><\/div><\/div>\n","protected":false},"excerpt":{"rendered":"","protected":false},"author":9,"featured_media":66662,"comment_status":"closed","ping_status":"closed","sticky":false,"template":"","format":"standard","meta":{"footnotes":""},"categories":[14],"tags":[],"class_list":["post-66661","post","type-post","status-publish","format-standard","has-post-thumbnail","hentry","category-salud"],"_links":{"self":[{"href":"https:\/\/sertv.gob.pa\/crisolfm\/wp-json\/wp\/v2\/posts\/66661","targetHints":{"allow":["GET"]}}],"collection":[{"href":"https:\/\/sertv.gob.pa\/crisolfm\/wp-json\/wp\/v2\/posts"}],"about":[{"href":"https:\/\/sertv.gob.pa\/crisolfm\/wp-json\/wp\/v2\/types\/post"}],"author":[{"embeddable":true,"href":"https:\/\/sertv.gob.pa\/crisolfm\/wp-json\/wp\/v2\/users\/9"}],"replies":[{"embeddable":true,"href":"https:\/\/sertv.gob.pa\/crisolfm\/wp-json\/wp\/v2\/comments?post=66661"}],"version-history":[{"count":1,"href":"https:\/\/sertv.gob.pa\/crisolfm\/wp-json\/wp\/v2\/posts\/66661\/revisions"}],"predecessor-version":[{"id":66665,"href":"https:\/\/sertv.gob.pa\/crisolfm\/wp-json\/wp\/v2\/posts\/66661\/revisions\/66665"}],"wp:featuredmedia":[{"embeddable":true,"href":"https:\/\/sertv.gob.pa\/crisolfm\/wp-json\/wp\/v2\/media\/66662"}],"wp:attachment":[{"href":"https:\/\/sertv.gob.pa\/crisolfm\/wp-json\/wp\/v2\/media?parent=66661"}],"wp:term":[{"taxonomy":"category","embeddable":true,"href":"https:\/\/sertv.gob.pa\/crisolfm\/wp-json\/wp\/v2\/categories?post=66661"},{"taxonomy":"post_tag","embeddable":true,"href":"https:\/\/sertv.gob.pa\/crisolfm\/wp-json\/wp\/v2\/tags?post=66661"}],"curies":[{"name":"wp","href":"https:\/\/api.w.org\/{rel}","templated":true}]}}