{"id":66666,"date":"2024-11-06T16:31:50","date_gmt":"2024-11-06T16:31:50","guid":{"rendered":"https:\/\/sertv.gob.pa\/crisolfm\/?p=66666"},"modified":"2024-11-06T16:31:50","modified_gmt":"2024-11-06T16:31:50","slug":"minsa-reitera-que-el-centro-de-salud-de-las-palmas-no-estara-laborando-este-miercoles","status":"publish","type":"post","link":"https:\/\/sertv.gob.pa\/crisolfm\/minsa-reitera-que-el-centro-de-salud-de-las-palmas-no-estara-laborando-este-miercoles\/","title":{"rendered":"MINSA reitera que el Centro de Salud de Las Palmas no estar\u00e1 laborando este mi\u00e9rcoles"},"content":{"rendered":"<p><em><strong>El Ministerio de Salud en la provincia de Veraguas reiter\u00f3 a la poblaci\u00f3n en general, que este mi\u00e9rcoles 6 de noviembre del 2024, el Centro de Salud de Las Palmas no estar\u00e1 laborando.<\/strong><\/em><\/p>\n<p><em><strong>Esta medida fue tomada por recomendaciones del Sistema Nacional de Protecci\u00f3n Civil (SINAPROC), Gobernaci\u00f3n de la Provincia de Veraguas, debido a las afectaciones de ambas v\u00edas que conducen a esta instalaci\u00f3n de salud. Se procedi\u00f3 a notificar al Secretario General del Ministerio de Salud, con el objetivo de canalizar la informaci\u00f3n a las autoridades ministeriales.<\/strong><\/em><\/p>\n<p><em><strong>Xavier Antonio Torres Dom\u00ednguez, Director Regional, explic\u00f3 que, se estar\u00e1 reforzando la atenci\u00f3n en el Centro de Salud Joaquina H. De Torrijos en Los Ruices y en el Centro de Salud de Mariato. Destac\u00f3 el galeno, que esta medida busca proteger y velar por la seguridad de los colaboradores. \u00abNo ha sido f\u00e1cil tomar esta medida, pero debemos seguir las recomendaciones dadas por los especialistas en la materia\u00bb .<\/strong><\/em><\/p>\n<p>&nbsp;<\/p>\n<p>Fuente: MINSA<\/p>\n","protected":false},"excerpt":{"rendered":"<p>El Ministerio de Salud en la provincia de Veraguas reiter\u00f3 <a href=\"https:\/\/sertv.gob.pa\/crisolfm\/minsa-reitera-que-el-centro-de-salud-de-las-palmas-no-estara-laborando-este-miercoles\/\"> [&#8230;]<\/a><\/p>\n","protected":false},"author":9,"featured_media":66667,"comment_status":"closed","ping_status":"closed","sticky":false,"template":"","format":"standard","meta":{"footnotes":""},"categories":[12],"tags":[],"class_list":["post-66666","post","type-post","status-publish","format-standard","has-post-thumbnail","hentry","category-nacionales"],"_links":{"self":[{"href":"https:\/\/sertv.gob.pa\/crisolfm\/wp-json\/wp\/v2\/posts\/66666","targetHints":{"allow":["GET"]}}],"collection":[{"href":"https:\/\/sertv.gob.pa\/crisolfm\/wp-json\/wp\/v2\/posts"}],"about":[{"href":"https:\/\/sertv.gob.pa\/crisolfm\/wp-json\/wp\/v2\/types\/post"}],"author":[{"embeddable":true,"href":"https:\/\/sertv.gob.pa\/crisolfm\/wp-json\/wp\/v2\/users\/9"}],"replies":[{"embeddable":true,"href":"https:\/\/sertv.gob.pa\/crisolfm\/wp-json\/wp\/v2\/comments?post=66666"}],"version-history":[{"count":1,"href":"https:\/\/sertv.gob.pa\/crisolfm\/wp-json\/wp\/v2\/posts\/66666\/revisions"}],"predecessor-version":[{"id":66668,"href":"https:\/\/sertv.gob.pa\/crisolfm\/wp-json\/wp\/v2\/posts\/66666\/revisions\/66668"}],"wp:featuredmedia":[{"embeddable":true,"href":"https:\/\/sertv.gob.pa\/crisolfm\/wp-json\/wp\/v2\/media\/66667"}],"wp:attachment":[{"href":"https:\/\/sertv.gob.pa\/crisolfm\/wp-json\/wp\/v2\/media?parent=66666"}],"wp:term":[{"taxonomy":"category","embeddable":true,"href":"https:\/\/sertv.gob.pa\/crisolfm\/wp-json\/wp\/v2\/categories?post=66666"},{"taxonomy":"post_tag","embeddable":true,"href":"https:\/\/sertv.gob.pa\/crisolfm\/wp-json\/wp\/v2\/tags?post=66666"}],"curies":[{"name":"wp","href":"https:\/\/api.w.org\/{rel}","templated":true}]}}