{"id":66700,"date":"2024-11-07T15:10:33","date_gmt":"2024-11-07T15:10:33","guid":{"rendered":"https:\/\/sertv.gob.pa\/crisolfm\/?p=66700"},"modified":"2024-11-07T15:10:33","modified_gmt":"2024-11-07T15:10:33","slug":"medico-de-cabecera-indispensable-en-la-salud-preventiva","status":"publish","type":"post","link":"https:\/\/sertv.gob.pa\/crisolfm\/medico-de-cabecera-indispensable-en-la-salud-preventiva\/","title":{"rendered":"M\u00e9dico de cabecera: indispensable en la salud preventiva"},"content":{"rendered":"<div class=\"fusion-fullwidth fullwidth-box fusion-builder-row-1 fusion-flex-container has-pattern-background has-mask-background nonhundred-percent-fullwidth non-hundred-percent-height-scrolling\" style=\"--awb-border-radius-top-left:0px;--awb-border-radius-top-right:0px;--awb-border-radius-bottom-right:0px;--awb-border-radius-bottom-left:0px;--awb-flex-wrap:wrap;\" ><div class=\"fusion-builder-row fusion-row fusion-flex-align-items-flex-start fusion-flex-content-wrap\" style=\"max-width:1144px;margin-left: calc(-4% \/ 2 );margin-right: calc(-4% \/ 2 );\"><div class=\"fusion-layout-column fusion_builder_column fusion-builder-column-0 fusion_builder_column_1_1 1_1 fusion-flex-column\" style=\"--awb-bg-size:cover;--awb-width-large:100%;--awb-margin-top-large:0px;--awb-spacing-right-large:1.92%;--awb-margin-bottom-large:20px;--awb-spacing-left-large:1.92%;--awb-width-medium:100%;--awb-order-medium:0;--awb-spacing-right-medium:1.92%;--awb-spacing-left-medium:1.92%;--awb-width-small:100%;--awb-order-small:0;--awb-spacing-right-small:1.92%;--awb-spacing-left-small:1.92%;\"><div class=\"fusion-column-wrapper fusion-column-has-shadow fusion-flex-justify-content-flex-start fusion-content-layout-column\"><div class=\"fusion-text fusion-text-1\"><p>El m\u00e9dico de cabecera, que suele ser un m\u00e9dico general, es el principal y m\u00e1s accesible como proveedor de atenci\u00f3n m\u00e9dica que no involucre situaciones de urgencia; la atenci\u00f3n recurrente de sus pacientes le proporciona un conocimiento m\u00e1s profundo de la situaci\u00f3n y condici\u00f3n de estos y de las patolog\u00edas familiares.<\/p>\n<p>Su importante trabajo consiste en brindar atenci\u00f3n preventiva, m\u00e1s que curativa; educar a sus pacientes en estilos de vida saludables, identificar y tratar patolog\u00edas comunes, evaluar el grado de urgencia de las afecciones y referir a sus pacientes a una especialidad m\u00e9dica y\/o quir\u00fargica, de ser necesario.<\/p>\n<p>Seg\u00fan la Dra. Yolanda Catt\u00e1n, m\u00e9dica de cabecera en la Policl\u00ednica Dr. Gustavo A. Ros, una de las ventajas de este programa, es que el paciente tiene la accesibilidad de atenderse siempre con el mismo m\u00e9dico, lo que le permite a este, tener un conocimiento de su historial cl\u00ednico y el de sus parientes m\u00e1s cercanos, para poder prevenir o controlar enfermedades, ya sea en el entorno donde vive, donde trabaja o donde estudia.<\/p>\n<p>El Dr. Jos\u00e9 Trejos, quien tambi\u00e9n ejerce como m\u00e9dico general de cabecera en esta policl\u00ednica, opina que, su papel m\u00e1s importante, es concientizar a sus pacientes sobre la importancia de la prevenci\u00f3n, y coincide con la Dra. Catt\u00e1n, en que las afecciones con mayor prevalencia en sus consultas, son enfermedades cr\u00f3nicas no transmisibles y prevenibles, en la mayor parte de los casos, como la diabetes, la hipertensi\u00f3n y la obesidad.<\/p>\n<p>\u00abPrevenir es mucho m\u00e1s barato y amigable que curar, as\u00ed que tener buenos h\u00e1bitos alimenticios, hacer ejercicio regularmente y visitar peri\u00f3dicamente a su m\u00e9dico de cabecera para realizar controles de salud, puede ayudar a evitar muchas enfermedades que, a la larga, disminuyen la calidad de vida del paciente y de su entorno familiar\u00bb, concluy\u00f3 la Dra. Catt\u00e1n.<\/p>\n<p>Esta policl\u00ednica especializada de la Caja de Seguro Social en Chiriqu\u00ed, ofrece a su poblaci\u00f3n de responsabilidad unos 2,220 cupos mensuales para atenci\u00f3n con m\u00e9dico de cabecera en medicina general, por lo que, las autoridades m\u00e9dicas de esta instalaci\u00f3n, exhortan a sus usuarios a aprovechar este importante servicio sanitario.\u200b<\/p>\n<p>Fuente: CSS<\/p>\n<\/div><div class=\"awb-gallery-wrapper awb-gallery-wrapper-1 button-span-no\" style=\"--more-btn-alignment:center;\"><div style=\"margin:-5px;--awb-bordersize:0px;\" class=\"fusion-gallery fusion-gallery-container fusion-grid-3 fusion-columns-total-2 fusion-gallery-layout-grid fusion-gallery-1\"><div style=\"padding:5px;\" class=\"fusion-grid-column fusion-gallery-column fusion-gallery-column-3 hover-type-none\"><div class=\"fusion-gallery-image\"><a href=\"https:\/\/sertv.gob.pa\/crisolfm\/wp-content\/uploads\/sites\/2\/2024\/11\/MEDICO-DE-CABECERA-2.jpeg\" rel=\"noreferrer\" data-rel=\"iLightbox[gallery_image_1]\" class=\"fusion-lightbox\" target=\"_self\"><img decoding=\"async\" src=\"https:\/\/sertv.gob.pa\/crisolfm\/wp-content\/uploads\/sites\/2\/2024\/11\/MEDICO-DE-CABECERA-2.jpeg\" width=\"432\" height=\"768\" alt=\"\" title=\"M\u00c9DICO DE CABECERA 2\" aria-label=\"M\u00c9DICO DE CABECERA 2\" class=\"img-responsive wp-image-66702\" srcset=\"https:\/\/sertv.gob.pa\/crisolfm\/wp-content\/uploads\/sites\/2\/2024\/11\/MEDICO-DE-CABECERA-2-200x356.jpeg 200w, https:\/\/sertv.gob.pa\/crisolfm\/wp-content\/uploads\/sites\/2\/2024\/11\/MEDICO-DE-CABECERA-2-400x711.jpeg 400w, https:\/\/sertv.gob.pa\/crisolfm\/wp-content\/uploads\/sites\/2\/2024\/11\/MEDICO-DE-CABECERA-2.jpeg 432w\" sizes=\"(min-width: 2200px) 100vw, (min-width: 784px) 363px, (min-width: 712px) 545px, (min-width: 640px) 712px, \" \/><\/a><\/div><\/div><div style=\"padding:5px;\" class=\"fusion-grid-column fusion-gallery-column fusion-gallery-column-3 hover-type-none\"><div class=\"fusion-gallery-image\"><a href=\"https:\/\/sertv.gob.pa\/crisolfm\/wp-content\/uploads\/sites\/2\/2024\/11\/MEDICO-DE-CABECERA-3.jpeg\" rel=\"noreferrer\" data-rel=\"iLightbox[gallery_image_1]\" class=\"fusion-lightbox\" target=\"_self\"><img decoding=\"async\" src=\"https:\/\/sertv.gob.pa\/crisolfm\/wp-content\/uploads\/sites\/2\/2024\/11\/MEDICO-DE-CABECERA-3.jpeg\" width=\"768\" height=\"432\" alt=\"\" title=\"M\u00c9DICO DE CABECERA 3\" aria-label=\"M\u00c9DICO DE CABECERA 3\" class=\"img-responsive wp-image-66703\" srcset=\"https:\/\/sertv.gob.pa\/crisolfm\/wp-content\/uploads\/sites\/2\/2024\/11\/MEDICO-DE-CABECERA-3-200x113.jpeg 200w, https:\/\/sertv.gob.pa\/crisolfm\/wp-content\/uploads\/sites\/2\/2024\/11\/MEDICO-DE-CABECERA-3-400x225.jpeg 400w, https:\/\/sertv.gob.pa\/crisolfm\/wp-content\/uploads\/sites\/2\/2024\/11\/MEDICO-DE-CABECERA-3-600x338.jpeg 600w, https:\/\/sertv.gob.pa\/crisolfm\/wp-content\/uploads\/sites\/2\/2024\/11\/MEDICO-DE-CABECERA-3.jpeg 768w\" sizes=\"(min-width: 2200px) 100vw, (min-width: 784px) 363px, (min-width: 712px) 545px, (min-width: 640px) 712px, \" \/><\/a><\/div><\/div><\/div><\/div><\/div><\/div><\/div><\/div>\n","protected":false},"excerpt":{"rendered":"","protected":false},"author":9,"featured_media":66701,"comment_status":"closed","ping_status":"closed","sticky":false,"template":"","format":"standard","meta":{"footnotes":""},"categories":[14],"tags":[],"class_list":["post-66700","post","type-post","status-publish","format-standard","has-post-thumbnail","hentry","category-salud"],"_links":{"self":[{"href":"https:\/\/sertv.gob.pa\/crisolfm\/wp-json\/wp\/v2\/posts\/66700","targetHints":{"allow":["GET"]}}],"collection":[{"href":"https:\/\/sertv.gob.pa\/crisolfm\/wp-json\/wp\/v2\/posts"}],"about":[{"href":"https:\/\/sertv.gob.pa\/crisolfm\/wp-json\/wp\/v2\/types\/post"}],"author":[{"embeddable":true,"href":"https:\/\/sertv.gob.pa\/crisolfm\/wp-json\/wp\/v2\/users\/9"}],"replies":[{"embeddable":true,"href":"https:\/\/sertv.gob.pa\/crisolfm\/wp-json\/wp\/v2\/comments?post=66700"}],"version-history":[{"count":1,"href":"https:\/\/sertv.gob.pa\/crisolfm\/wp-json\/wp\/v2\/posts\/66700\/revisions"}],"predecessor-version":[{"id":66704,"href":"https:\/\/sertv.gob.pa\/crisolfm\/wp-json\/wp\/v2\/posts\/66700\/revisions\/66704"}],"wp:featuredmedia":[{"embeddable":true,"href":"https:\/\/sertv.gob.pa\/crisolfm\/wp-json\/wp\/v2\/media\/66701"}],"wp:attachment":[{"href":"https:\/\/sertv.gob.pa\/crisolfm\/wp-json\/wp\/v2\/media?parent=66700"}],"wp:term":[{"taxonomy":"category","embeddable":true,"href":"https:\/\/sertv.gob.pa\/crisolfm\/wp-json\/wp\/v2\/categories?post=66700"},{"taxonomy":"post_tag","embeddable":true,"href":"https:\/\/sertv.gob.pa\/crisolfm\/wp-json\/wp\/v2\/tags?post=66700"}],"curies":[{"name":"wp","href":"https:\/\/api.w.org\/{rel}","templated":true}]}}