{"id":66788,"date":"2024-11-13T14:06:32","date_gmt":"2024-11-13T14:06:32","guid":{"rendered":"https:\/\/sertv.gob.pa\/crisolfm\/?p=66788"},"modified":"2024-11-13T14:06:32","modified_gmt":"2024-11-13T14:06:32","slug":"corea-manifiesta-interes-por-nuevas-inversiones-en-panama-tras-encuentro-con-el-presidente-mulino","status":"publish","type":"post","link":"https:\/\/sertv.gob.pa\/crisolfm\/corea-manifiesta-interes-por-nuevas-inversiones-en-panama-tras-encuentro-con-el-presidente-mulino\/","title":{"rendered":"Corea manifiesta inter\u00e9s por nuevas inversiones en Panam\u00e1, tras encuentro con el presidente Mulino"},"content":{"rendered":"<div class=\"fusion-fullwidth fullwidth-box fusion-builder-row-1 fusion-flex-container has-pattern-background has-mask-background nonhundred-percent-fullwidth non-hundred-percent-height-scrolling\" style=\"--awb-border-radius-top-left:0px;--awb-border-radius-top-right:0px;--awb-border-radius-bottom-right:0px;--awb-border-radius-bottom-left:0px;--awb-flex-wrap:wrap;\" ><div class=\"fusion-builder-row fusion-row fusion-flex-align-items-flex-start fusion-flex-content-wrap\" style=\"max-width:1144px;margin-left: calc(-4% \/ 2 );margin-right: calc(-4% \/ 2 );\"><div class=\"fusion-layout-column fusion_builder_column fusion-builder-column-0 fusion_builder_column_1_1 1_1 fusion-flex-column\" style=\"--awb-bg-size:cover;--awb-width-large:100%;--awb-margin-top-large:0px;--awb-spacing-right-large:1.92%;--awb-margin-bottom-large:20px;--awb-spacing-left-large:1.92%;--awb-width-medium:100%;--awb-order-medium:0;--awb-spacing-right-medium:1.92%;--awb-spacing-left-medium:1.92%;--awb-width-small:100%;--awb-order-small:0;--awb-spacing-right-small:1.92%;--awb-spacing-left-small:1.92%;\"><div class=\"fusion-column-wrapper fusion-column-has-shadow fusion-flex-justify-content-flex-start fusion-content-layout-column\"><div class=\"fusion-text fusion-text-1\" style=\"--awb-content-alignment:justify;\"><p><strong>El presidente de la Rep\u00fablica de Panam\u00e1, Jos\u00e9 Ra\u00fal Mulino, recibi\u00f3, este martes, la visita del embajador de Corea del Sur, Jeong Jinkyu, y dos diputados de la Asamblea Nacional del pa\u00eds oriental: Kang Hoon Sik y Park Sung Hoon.<\/strong><\/p>\n<p><strong>La delegaci\u00f3n le manifest\u00f3 al mandatario Mulino, el gran inter\u00e9s de reforzar las relaciones comerciales con Panam\u00e1, siendo Corea, el cuatro usuario del Canal de Panam\u00e1; adem\u00e1s de participar actualmente de uno de los proyectos de transporte masivos m\u00e1s importantes del pa\u00eds: la tercera l\u00ednea del Metro que unir\u00e1 la Capital con la zona de Panam\u00e1 Oeste a trav\u00e9s de un t\u00fanel.<\/strong><\/p>\n<p><strong>El embajador Jinkyu y los diputados Hoon Sik y Sung Hoon, tambi\u00e9n manifestaron que, existe mucho inter\u00e9s de empresas coreanas en invertir y participar de otras licitaciones p\u00fablicas, sobre todo en el \u00e1rea de proyectos de infraestructura, sector farmac\u00e9utico y de gesti\u00f3n de vertederos de desechos.<\/strong><\/p>\n<p><strong>Esto incluye el aporte tecnol\u00f3gico hacia Panam\u00e1, siendo Corea, uno de los pa\u00edses l\u00edderes en este sector.<\/strong><\/p>\n<p><strong>Fuente: Presidencia de la Rep\u00fablica de Panam\u00e1<\/strong><\/p>\n<\/div><div class=\"awb-gallery-wrapper awb-gallery-wrapper-1 button-span-no\" style=\"--more-btn-alignment:center;\"><div style=\"margin:-5px;--awb-bordersize:0px;\" class=\"fusion-gallery fusion-gallery-container fusion-grid-3 fusion-columns-total-2 fusion-gallery-layout-grid fusion-gallery-1\"><div style=\"padding:5px;\" class=\"fusion-grid-column fusion-gallery-column fusion-gallery-column-3 hover-type-none\"><div class=\"fusion-gallery-image\"><a href=\"https:\/\/sertv.gob.pa\/crisolfm\/wp-content\/uploads\/sites\/2\/2024\/11\/COREA-Y-PANAMA-2.jpeg\" rel=\"noreferrer\" data-rel=\"iLightbox[gallery_image_1]\" class=\"fusion-lightbox\" target=\"_self\"><img decoding=\"async\" src=\"https:\/\/sertv.gob.pa\/crisolfm\/wp-content\/uploads\/sites\/2\/2024\/11\/COREA-Y-PANAMA-2.jpeg\" width=\"600\" height=\"400\" alt=\"\" title=\"COREA Y PANAM\u00c1 2\" aria-label=\"COREA Y PANAM\u00c1 2\" class=\"img-responsive wp-image-66790\" srcset=\"https:\/\/sertv.gob.pa\/crisolfm\/wp-content\/uploads\/sites\/2\/2024\/11\/COREA-Y-PANAMA-2-200x133.jpeg 200w, https:\/\/sertv.gob.pa\/crisolfm\/wp-content\/uploads\/sites\/2\/2024\/11\/COREA-Y-PANAMA-2-400x267.jpeg 400w, https:\/\/sertv.gob.pa\/crisolfm\/wp-content\/uploads\/sites\/2\/2024\/11\/COREA-Y-PANAMA-2.jpeg 600w\" sizes=\"(min-width: 2200px) 100vw, (min-width: 784px) 363px, (min-width: 712px) 545px, (min-width: 640px) 712px, \" \/><\/a><\/div><\/div><div style=\"padding:5px;\" class=\"fusion-grid-column fusion-gallery-column fusion-gallery-column-3 hover-type-none\"><div class=\"fusion-gallery-image\"><a href=\"https:\/\/sertv.gob.pa\/crisolfm\/wp-content\/uploads\/sites\/2\/2024\/11\/COREA-Y-PANAMA-3.jpeg\" rel=\"noreferrer\" data-rel=\"iLightbox[gallery_image_1]\" class=\"fusion-lightbox\" target=\"_self\"><img decoding=\"async\" src=\"https:\/\/sertv.gob.pa\/crisolfm\/wp-content\/uploads\/sites\/2\/2024\/11\/COREA-Y-PANAMA-3.jpeg\" width=\"600\" height=\"400\" alt=\"\" title=\"COREA Y PANAM\u00c1 3\" aria-label=\"COREA Y PANAM\u00c1 3\" class=\"img-responsive wp-image-66791\" srcset=\"https:\/\/sertv.gob.pa\/crisolfm\/wp-content\/uploads\/sites\/2\/2024\/11\/COREA-Y-PANAMA-3-200x133.jpeg 200w, https:\/\/sertv.gob.pa\/crisolfm\/wp-content\/uploads\/sites\/2\/2024\/11\/COREA-Y-PANAMA-3-400x267.jpeg 400w, https:\/\/sertv.gob.pa\/crisolfm\/wp-content\/uploads\/sites\/2\/2024\/11\/COREA-Y-PANAMA-3.jpeg 600w\" sizes=\"(min-width: 2200px) 100vw, (min-width: 784px) 363px, (min-width: 712px) 545px, (min-width: 640px) 712px, \" \/><\/a><\/div><\/div><\/div><\/div><\/div><\/div><\/div><\/div>\n","protected":false},"excerpt":{"rendered":"","protected":false},"author":9,"featured_media":66789,"comment_status":"closed","ping_status":"closed","sticky":false,"template":"","format":"standard","meta":{"footnotes":""},"categories":[12],"tags":[],"class_list":["post-66788","post","type-post","status-publish","format-standard","has-post-thumbnail","hentry","category-nacionales"],"_links":{"self":[{"href":"https:\/\/sertv.gob.pa\/crisolfm\/wp-json\/wp\/v2\/posts\/66788","targetHints":{"allow":["GET"]}}],"collection":[{"href":"https:\/\/sertv.gob.pa\/crisolfm\/wp-json\/wp\/v2\/posts"}],"about":[{"href":"https:\/\/sertv.gob.pa\/crisolfm\/wp-json\/wp\/v2\/types\/post"}],"author":[{"embeddable":true,"href":"https:\/\/sertv.gob.pa\/crisolfm\/wp-json\/wp\/v2\/users\/9"}],"replies":[{"embeddable":true,"href":"https:\/\/sertv.gob.pa\/crisolfm\/wp-json\/wp\/v2\/comments?post=66788"}],"version-history":[{"count":1,"href":"https:\/\/sertv.gob.pa\/crisolfm\/wp-json\/wp\/v2\/posts\/66788\/revisions"}],"predecessor-version":[{"id":66792,"href":"https:\/\/sertv.gob.pa\/crisolfm\/wp-json\/wp\/v2\/posts\/66788\/revisions\/66792"}],"wp:featuredmedia":[{"embeddable":true,"href":"https:\/\/sertv.gob.pa\/crisolfm\/wp-json\/wp\/v2\/media\/66789"}],"wp:attachment":[{"href":"https:\/\/sertv.gob.pa\/crisolfm\/wp-json\/wp\/v2\/media?parent=66788"}],"wp:term":[{"taxonomy":"category","embeddable":true,"href":"https:\/\/sertv.gob.pa\/crisolfm\/wp-json\/wp\/v2\/categories?post=66788"},{"taxonomy":"post_tag","embeddable":true,"href":"https:\/\/sertv.gob.pa\/crisolfm\/wp-json\/wp\/v2\/tags?post=66788"}],"curies":[{"name":"wp","href":"https:\/\/api.w.org\/{rel}","templated":true}]}}