{"id":6680,"date":"2016-11-14T14:52:33","date_gmt":"2016-11-14T14:52:33","guid":{"rendered":""},"modified":"2016-11-14T14:52:33","modified_gmt":"2016-11-14T14:52:33","slug":"en-republica-dominicana-lluvias-dejan-39-pueblos-incomunicados","status":"publish","type":"post","link":"https:\/\/sertv.gob.pa\/crisolfm\/en-republica-dominicana-lluvias-dejan-39-pueblos-incomunicados\/","title":{"rendered":"En Rep\u00fablica Dominicana lluvias dejan 39 pueblos incomunicados"},"content":{"rendered":"<p>\nLos desbordamientos de varios r\u00edos debido a las fuertes lluvias que han afectado a la  Rep\u00fablica Dominicana \u00a0durante la \u00faltima semana provocaron severas inundaciones y dejaron incomunicadas a 39 comunidades rurales en el norte del pa\u00eds, manifestaron las autoridades. <\/p>\n<p>M\u00e1s de 6 mil 400 personas permanec\u00edan evacuadas, al menos unas mil 200 viviendas estaban anegadas y 31 quedaron completamente destruidas por deslizamientos de tierra o arrastradas por los r\u00edos, detall\u00f3 el Centro de Operaciones de Emergencias en un comunicado. <\/p>\n<p>Las lluvias provocadas por dos depresiones tropicales consecutivas han afectado durante toda la semana a gran parte del pa\u00eds y han provocado cuantiosos da\u00f1os materiales a las norte\u00f1as provincias de Puerto Plata, La Vega, Espaillat y Mar\u00eda Trinidad S\u00e1nchez. <\/p>\n<p>Debido a las inundaciones m\u00e1s de 26 mil personas fueron evacuadas durante la semana, de las cuales la mayor\u00eda ya volvi\u00f3 a sus hogares. <\/p>\n<p>Roberto Rodr\u00edguez, vocero de la Presidencia, inform\u00f3 que el mandatario declar\u00f3 una \u00abemergencia nacional\u00bb con el objetivo de \u00a0atender las necesidades de las cuatro provincias m\u00e1s afectadas. <\/p>\n<p>\u00a0 <\/p>\n","protected":false},"excerpt":{"rendered":"<p>Los desbordamientos de varios r\u00edos debido a las fuertes lluvias <a href=\"https:\/\/sertv.gob.pa\/crisolfm\/en-republica-dominicana-lluvias-dejan-39-pueblos-incomunicados\/\"> [&#8230;]<\/a><\/p>\n","protected":false},"author":1,"featured_media":6681,"comment_status":"closed","ping_status":"closed","sticky":false,"template":"","format":"standard","meta":{"footnotes":""},"categories":[7],"tags":[],"class_list":["post-6680","post","type-post","status-publish","format-standard","has-post-thumbnail","hentry","category-ecologicas"],"_links":{"self":[{"href":"https:\/\/sertv.gob.pa\/crisolfm\/wp-json\/wp\/v2\/posts\/6680","targetHints":{"allow":["GET"]}}],"collection":[{"href":"https:\/\/sertv.gob.pa\/crisolfm\/wp-json\/wp\/v2\/posts"}],"about":[{"href":"https:\/\/sertv.gob.pa\/crisolfm\/wp-json\/wp\/v2\/types\/post"}],"author":[{"embeddable":true,"href":"https:\/\/sertv.gob.pa\/crisolfm\/wp-json\/wp\/v2\/users\/1"}],"replies":[{"embeddable":true,"href":"https:\/\/sertv.gob.pa\/crisolfm\/wp-json\/wp\/v2\/comments?post=6680"}],"version-history":[{"count":0,"href":"https:\/\/sertv.gob.pa\/crisolfm\/wp-json\/wp\/v2\/posts\/6680\/revisions"}],"wp:featuredmedia":[{"embeddable":true,"href":"https:\/\/sertv.gob.pa\/crisolfm\/wp-json\/wp\/v2\/media\/6681"}],"wp:attachment":[{"href":"https:\/\/sertv.gob.pa\/crisolfm\/wp-json\/wp\/v2\/media?parent=6680"}],"wp:term":[{"taxonomy":"category","embeddable":true,"href":"https:\/\/sertv.gob.pa\/crisolfm\/wp-json\/wp\/v2\/categories?post=6680"},{"taxonomy":"post_tag","embeddable":true,"href":"https:\/\/sertv.gob.pa\/crisolfm\/wp-json\/wp\/v2\/tags?post=6680"}],"curies":[{"name":"wp","href":"https:\/\/api.w.org\/{rel}","templated":true}]}}